{"id":8432,"date":"2022-07-26T15:25:46","date_gmt":"2022-07-26T13:25:46","guid":{"rendered":"https:\/\/toutesnosenergies.fr\/?p=8432"},"modified":"2022-07-26T15:25:50","modified_gmt":"2022-07-26T13:25:50","slug":"le-livre-sur-les-energies-renouvelables-suite","status":"publish","type":"post","link":"https:\/\/toutesnosenergies.fr\/index.php\/2022\/07\/26\/le-livre-sur-les-energies-renouvelables-suite\/","title":{"rendered":"Le livre sur les \u00e9nergies renouvelables (suite)"},"content":{"rendered":"\n<h2 class=\"wp-block-heading\">Tout ce que vous avez toujours voulu savoir sur les \u00e9nergies renouvelables pour tous, de 9 \u00e0 119 ans&#8230;<\/h2>\n\n\n\n<p class=\"has-background\" style=\"background-color:#ec9de3\">Nous avons \u00e9voqu\u00e9 le projet de la commission \u00e9nergie de notre collectif d&rsquo;\u00e9crire <a href=\"https:\/\/toutesnosenergies.fr\/index.php\/2022\/07\/12\/un-projet-de-livre-sur-les-energies-renouvelables\/\" target=\"_blank\" rel=\"noreferrer noopener\">un livre consacr\u00e9 aux \u00e9nergies renouvelables<\/a>. Ce petit livre &#8211; dont la r\u00e9alisation est coordonn\u00e9 par Marcel Caron &#8211; est destin\u00e9 \u00e0 toute personne qui s\u2019int\u00e9resse \u00e0&nbsp;toutes&nbsp;les \u00e9nergies renouvelables, m\u00eame&nbsp;celles qui ne se voient pas et dont on parle moins. Un livre pour les curieux qui ne veulent pas \u00eatre affront\u00e9s \u00e0 trop de d\u00e9tails techniques, pour les d\u00e9butants dans ce domaine, un livre de base utile pour les \u00e9l\u00e8ves aussi. <\/p>\n\n\n\n<p>En voici en PDF <a rel=\"noreferrer noopener\" href=\"https:\/\/toutesnosenergies.fr\/wp-content\/uploads\/2022\/07\/Livre_EnR_Introduction.pdf\" target=\"_blank\"> le sommaire et l&rsquo;introduction.<\/a> N&rsquo;h\u00e9sitez pas \u00e0 r\u00e9agir, vos commentaires, vos remarques et vos suggestions nous aideront \u00e0 am\u00e9liorer cet ouvrage.<\/p>\n\n\n\n<h2 class=\"wp-block-heading\">Introduction<\/h2>\n\n\n\n<h3 class=\"wp-block-heading\">L\u2019\u00e9nergie, c\u2019est quoi&nbsp;? De quoi parle-t-on lorsqu\u2019on \u00e9voque les \u00e9nergies renouvelables&nbsp;?<\/h3>\n\n\n\n<p>Les \u00e9nergies renouvelables soul\u00e8vent un grand nombre de questions. Mais avant tout, pour comprendre&nbsp;ce petit document, il faut rappeler ce qu\u2019est une \u00e9nergie et pourquoi elle peut \u00eatre renouvelable.<\/p>\n\n\n\n<blockquote class=\"wp-block-quote is-layout-flow wp-block-quote-is-layout-flow\"><p>\u201cEn physique, l\u2019\u00e9nergie quantifie le changement. D\u00e8s que quelque chose change de forme, de position,&nbsp;de vitesse, de composition chimique ou atomique, rayonne, etc. il y a un transfert \u00e9nerg\u00e9tique\u201c.<\/p><\/blockquote>\n\n\n\n<p><strong>Compliqu\u00e9<\/strong> ? C\u2019est normal, on va le dire autrement&nbsp;:<\/p>\n\n\n\n<p>L\u2019<strong>\u00e9nergie<\/strong>,&nbsp;c\u2019est un&nbsp;indicateur que quelque chose change.<br>On peut \u00e9galement dire que,&nbsp;d\u00e8s qu\u2019il y a eu un changement de quelque chose en autre chose, c\u2019est qu\u2019il y a eu un transfert d\u2019\u00e9nergie. Mais avant d\u2019entrer dans le d\u00e9tail, rappelons qu\u2019il existe plusieurs types d\u2019\u00e9nergies&nbsp;:<\/p>\n\n\n\n<ul class=\"wp-block-list\"><li>L\u2019<strong>\u00e9nergie primaire<\/strong>&nbsp;:&nbsp;c\u2019est une forme d\u2019\u00e9nergie&nbsp;disponible dans la nature avant toute transformation. Les principales \u00e9nergies primaires sont&nbsp;: le soleil, le vent, les mar\u00e9es, l\u2019eau en mouvement, les courants&nbsp;marins, la chaleur des sols et des sous-sols, les r\u00e9actions chimiques des mati\u00e8res organiques vivantes, la m\u00e9thanisation, la combustion, le charbon, le p\u00e9trole, le gaz naturel, la d\u00e9sint\u00e9gration atomique&#8230;<\/li><li>L\u2019<strong>\u00e9nergie secondaire<\/strong> ou <strong>vecteur \u00e9nerg\u00e9tique<\/strong>&nbsp;: Une telle \u00e9nergie est consid\u00e9r\u00e9e comme un \u00ab v\u00e9hicule \u00bb&nbsp;entre l\u2019\u00e9nergie primaire et l\u2019\u00e9nergie finale.<br>(Ex : le p\u00e9trole qu\u2019il faut transformer pour faire de l\u2019essence. L\u2019essence est bien un vecteur \u00e9nerg\u00e9tique&nbsp;qui une fois dans le moteur lui permettra de fonctionner.)<\/li><li>L\u2019<strong>\u00e9nergie finale<\/strong>&nbsp;:&nbsp;C\u2019est l\u2019\u00e9nergie au stade final de la cha\u00eene de transformation, c\u2018est-\u00e0-dire au stade de son utilisation par le consommateur final.<br>(Ex&nbsp;: La voiture avance gr\u00e2ce au mouvement m\u00e9canique donn\u00e9 par l\u2019explosion de l\u2019essence dans les&nbsp;cylindres du moteur qui le fait tourner.)<\/li><\/ul>\n\n\n\n<p><strong>Le processus a donc \u00e9t\u00e9 :  <\/strong><\/p>\n\n\n\n<ul class=\"wp-block-list\"><li>Transformer une \u00e9nergie primaire : le p\u00e9trole en essence (vecteur \u00e9nerg\u00e9tique).<\/li><li>Transformer l\u2019essence en \u00e9nergie m\u00e9canique donc en mouvement, c\u2019est l\u2019\u00e9nergie finale (la voiture&nbsp;avance).<\/li><\/ul>\n\n\n\n<h3 class=\"wp-block-heading\">On a parl\u00e9 d\u2019\u00e9nergie primaire, secondaire et finale, mais pas de renouvelable&nbsp;?<\/h3>\n\n\n\n<blockquote class=\"wp-block-quote is-layout-flow wp-block-quote-is-layout-flow\"><p>On dit qu\u2019une \u00e9nergie est renouvelable si \u00e0 notre \u00e9chelle de temps, en l\u2019utilisant, nous n\u2019en diminuons&nbsp;pas la quantit\u00e9 initiale existante.<\/p><\/blockquote>\n\n\n\n<p>Exemple : Le vent, qui est issu de la rotation de la terre et des courants de convection dus au soleil \u00e0&nbsp;notre \u00e9chelle est in\u00e9puisable. Lorsqu\u2019il&nbsp;souffle, on peut donc r\u00e9cup\u00e9rer son \u00e9nergie par divers&nbsp;\u00e9quipements ind\u00e9finiment. L\u2019\u00e9lectricit\u00e9 produite par la force m\u00e9canique du vent sur les pales d\u2019une&nbsp;\u00e9olienne est consid\u00e9r\u00e9e comme une \u00e9nergie renouvelable.<\/p>\n\n\n\n<p><strong>Par opposition<\/strong>&nbsp;:<br>Le p\u00e9trole qui provient de&nbsp;la d\u00e9composition d\u2019organismes marins (principalement de plancton)&nbsp;accumul\u00e9s dans des bassins s\u00e9dimentaires, au fond des oc\u00e9ans, des lacs et des deltas, est limit\u00e9 en&nbsp;quantit\u00e9. Ce p\u00e9trole, a notre \u00e9chelle, n\u2019est donc pas renouvelable. On l\u2019a nomm\u00e9 \u00e9nergie&nbsp;fossile du fait de sa provenance.<br>Avant le d\u00e9but des ann\u00e9es 1850 (d\u00e9but de l\u2019\u00e8re pr\u00e9industrielle), l\u2019ensemble des civilisations de notre&nbsp;monde utilisait presque uniquement des \u00e9quipements fonctionnant gr\u00e2ce aux \u00e9nergies renouvelables utilisant le vent, le&nbsp;soleil, l\u2019eau en mouvement et le feu. La seule autre \u00e9nergie connue \u00e9tait l\u2019\u00e9nergie musculaire des animaux ou des humains ! On ne connaissait rien d\u2019autre.<\/p>\n\n\n\n<p><strong>Tout change avec le d\u00e9but de l\u2019\u00e8re industrielle<\/strong>.<br>Lorsque l\u2019on a d\u00e9couvert et commenc\u00e9 \u00e0 utiliser les&nbsp;<strong>\u00e9nergies dites fossiles<\/strong>, essentiellement le charbon dans un premier temps (la machine \u00e0 vapeur) et le p\u00e9trole. Elles ont boulevers\u00e9 notre fa\u00e7on&nbsp;d\u2019\u00eatre par leur tr\u00e8s grand pouvoir \u00e9nerg\u00e9tique.<br>Il a fallu toujours plus d\u2019\u00e9nergie, et sous toutes les&nbsp;formes. Elles ont permis de faire avancer les&nbsp;tracteurs, les voitures ou les camions mais aussi les trains, de faire voler des avions, de s\u2019\u00e9clairer, faire fonctionner les moteurs \u00e9lectriques utilis\u00e9s dans l\u2019industrie, se chauffer et tellement d\u2019autres choses&nbsp;aujourd\u2019hui consid\u00e9r\u00e9es comme indispensables&#8230;, comme de faire fonctionner notre Internet, nos&nbsp;ordinateurs, les centres de donn\u00e9es (data center), nos t\u00e9l\u00e9phones portables, etc.<\/p>\n\n\n\n<p><strong>Mais, tout n\u2019est pas si simple.<\/strong> <\/p>\n\n\n\n<p>Depuis les ann\u00e9es 30 (loi Morizet), les probl\u00e8mes de pollution sont bien connus. On sait que les \u00e9nergies fossiles sont \u00e9mettrices de particules et de gaz \u00e0 effet de serre (GES) dont le fameux CO2. <br>Si dans les ann\u00e9es 1950\/60 on se pr\u00e9occupait uniquement de nettoyer les fa\u00e7ades parisiennes noircies&nbsp;par la suie des chauffages au bois et\/ou au charbon, ou de s\u2019inqui\u00e9ter de l\u2019\u00e9mission des fum\u00e9es noires s\u2019\u00e9chappant par les grandes chemin\u00e9es de l\u2019industrie ou m\u00eame de la pollution des autos qui \u00e0 l\u2019\u00e9poque n\u2019\u00e9taient pas performantes et qui \u00e9taient surtout tr\u00e8s consommatrices, on sait aussi depuis les ann\u00e9es 1970, que les combustibles fossiles ne sont pas in\u00e9puisables. <br><\/p>\n\n\n\n<blockquote class=\"wp-block-quote is-layout-flow wp-block-quote-is-layout-flow\"><p>La Terre, \u00e9tant une&nbsp;entit\u00e9 finie, ne pourra pas donner plus de p\u00e9trole, de gaz ou de charbon qu\u2019elle n\u2019en contient<\/p><cite>(rapport&nbsp;Meadows 1972 pour le club de Rome).<\/cite><\/blockquote>\n\n\n\n<p class=\"has-background\" style=\"background-color:#ec9de3\">\u00c9videmment, l\u2019\u00e9volution de notre soci\u00e9t\u00e9 et la croissance \u00e9conomique sont essentiellement dues \u00e0 l\u2019augmentation de la consommation des \u00e9nergies qui, quelles qu\u2019elles soient, g\u00e9n\u00e8rent beaucoup d\u2019avantages. Mais alors que l\u2019on est seulement dans les ann\u00e9es 60\/70, on parle d\u00e9j\u00e0 de pollution et de p\u00e9nurie.<\/p>\n\n\n\n<!--more-->\n\n\n\n<p>Dans ces m\u00eames ann\u00e9es, pour des raisons d\u2019ind\u00e9pendance \u00e9nerg\u00e9tique, il a \u00e9t\u00e9 d\u00e9cid\u00e9 de doter la France \u00e0 grande \u00e9chelle de l\u2019\u00e9nergie \u00e9lectronucl\u00e9aire. On y pensait depuis quelques ann\u00e9es,&nbsp;mais cela&nbsp;s\u2019est acc\u00e9l\u00e9r\u00e9 avec le premier choc p\u00e9trolier (1973) ainsi qu\u2019en raison d\u2019un montant du dollar tr\u00e8s \u00e9lev\u00e9&nbsp;par rapport au franc. Le dollar, \u00e0 cette \u00e9poque, est la seule devise pour le n\u00e9goce du carburant p\u00e9trolier et du gaz.<\/p>\n\n\n\n<p>Ce programme \u00e9lectronucl\u00e9aire nous a permis de fortement limiter l\u2019achat de p\u00e9trole et de charbon&nbsp;pour fabriquer notre \u00e9lectricit\u00e9 (plus de 70% de la production totale encore \u00e0 ce jour), mais il a aussi&nbsp;permis, sans pour autant qu\u2019on le recherche, de limiter tr\u00e8s fortement les \u00e9missions de CO2 de la France.<\/p>\n\n\n\n<p><strong>Le monde associatif, puis le monde politique s\u2019inqui\u00e8tent des donn\u00e9es alarmistes fournies par&nbsp;certains chercheurs sur la pollution.<\/strong><\/p>\n\n\n\n<p>Le groupe d\u2019experts intergouvernemental sur l\u2019\u00e9volution du climat (GIEC),&nbsp;organisme qui a \u00e9t\u00e9 cr\u00e9\u00e9 pour&nbsp;\u00e9tudier l\u2019impact de l\u2019activit\u00e9 humaine sur les changements climatiques,&nbsp;nous rappelle fr\u00e9quemment les liens entre les \u00e9missions de CO2 des \u00e9nergies fossiles, sa concentration dans l\u2019atmosph\u00e8re et l\u2019augmentation de la temp\u00e9rature moyenne mondiale.<\/p>\n\n\n\n<p>La concentration moyenne de CO2&nbsp;qui \u00e9tait stable depuis des mill\u00e9naires est pass\u00e9e de 280 ppm (ppm : parties par millions) au d\u00e9but des ann\u00e9es 1850 (\u00e8re pr\u00e9industrielle), \u00e0 410 ppm actuellement. Il a \u00e9t\u00e9&nbsp;d\u00e9cid\u00e9 que c\u2019\u00e9tait un vrai probl\u00e8me qu\u2019il convenait de r\u00e9gler. Le choix a \u00e9t\u00e9 fait de limiter fortement l\u2019utilisation des \u00e9nergies fossiles.<\/p>\n\n\n\n<p>Leur \u00e9puisement in\u00e9luctable et&nbsp;l\u2019augmentation des&nbsp;GES (gaz \u00e0 effet de serre), dont le CO2, ont amen\u00e9 les gouvernements de tr\u00e8s nombreux pays \u00e0&nbsp;favoriser des producteurs d\u2019\u00e9nergies n\u2019\u00e9mettant pas ce type de pollution. C\u2019est ainsi que de fa\u00e7on opportuniste des \u00e9nergies renouvelables (EnR) se sont multipli\u00e9es.<\/p>\n\n\n\n<p>A ce point de notre d\u00e9veloppement, il importe d\u2019apporter quelques pr\u00e9cisions sur le changement&nbsp;climatique et l\u2019\u00e9mission de gaz \u00e0 effet de serre. Beaucoup de militants \u00e9cologistes tentent de&nbsp;culpabiliser leurs compatriotes sur cette question et r\u00e9clament entre autres \u00e0 cor et \u00e0 cris la fin de la prospection p\u00e9troli\u00e8re et celle de la fabrication de voitures thermiques.<\/p>\n\n\n\n<h3 class=\"wp-block-heading\">Qu\u2019en est-il de l\u2019\u00e9mission de CO2&nbsp;dans l\u2019atmosph\u00e8re dans le monde et en France&nbsp;?<\/h3>\n\n\n\n<p>Le GIEC indique que l\u2019ensemble des pays mondiaux ont \u00e9mis en 2019&nbsp;<strong>43<\/strong>&nbsp;milliards (Mdt) de tonnes de CO2, (36,8 Mdt pour raisons anthropiques et 6 Mdt pour le changement de nature des sols), que la France en a \u00e9mis :&nbsp;<strong>441&nbsp;<\/strong>millions de tonnes, soit :<strong>&nbsp;1,025<\/strong> %&nbsp;du total mondial.&nbsp;(N\u2019est pas compris toutefois le&nbsp;CO2&nbsp;issu des importations et celui des entreprises d\u00e9localis\u00e9es, ce qui minimise de moiti\u00e9 notre v\u00e9ritable empreinte carbone).<\/p>\n\n\n\n<p>Le gestionnaire du r\u00e9seau de transport d&rsquo;\u00e9lectricit\u00e9, RTE (BE 2019) indique que le CO2&nbsp;d\u00fb \u00e0 l\u2019\u00e9lectricit\u00e9 est de&nbsp;<strong>22<\/strong>&nbsp;millions de tonnes pour un productible total fran\u00e7ais de : 537,7 TWh<br>Donc, les \u00e9missions de CO2&nbsp;de&nbsp;l\u2019<strong>\u00e9lectricit\u00e9<\/strong>&nbsp;repr\u00e9sentent :&nbsp;<strong>4,98<\/strong> %&nbsp;du total CO2 \u00e9mis par la France.<br>Au niveau mondial, l\u2019impact CO2&nbsp;de l\u2019\u00e9lectricit\u00e9 fran\u00e7aise&nbsp;est donc de : 0,05 % Cela tient \u00e0 ce que la&nbsp;production \u00e9lectrique fran\u00e7aise est peu \u00e9mettrice de GES, car elle provient pour l\u2019essentiel de l\u2019\u00e9nergie nucl\u00e9aire et de l\u2019hydro\u00e9lectricit\u00e9. C\u2019est un sujet sur lequel nous reviendrons.<\/p>\n\n\n\n<p>Mais si on regarde de plus pr\u00e8s \u00e0 l\u2019\u00e9chelle mondiale, on s\u2019aper\u00e7oit que l\u2019\u00e9mission de&nbsp;CO2&nbsp;et de gaz polluants vient surtout de secteurs que g\u00e9n\u00e9ralement on remet peu en cause. Ainsi, \u00e0 elles seules, 5 % des centrales \u00e9lectriques dans le monde sont responsables de 73 % des \u00e9missions de CO2&nbsp;li\u00e9es \u00e0 la&nbsp;production d\u2019\u00e9lectricit\u00e9 (selon une \u00e9tude de chercheurs de l\u2019Universit\u00e9 du Colorado, in&nbsp;Transitions et Energies n\u00b0 10). Elles se situent en Asie, en Inde, aux USA et en Europe centrale et du Nord.<\/p>\n\n\n\n<p>De m\u00eame, un autre secteur, celui des transports maritimes (2% des \u00e9missions mondiales de GES) :<br>Selon un article du Financial Times paru dans le \u00ab Courrier International \u00bb du 4 juillet 2019, \u00ab <\/p>\n\n\n\n<ul class=\"wp-block-list\"><li>\u00ab Le&nbsp;transport maritime est le poumon de l\u2019\u00e9conomie mondiale : 90 % des \u00e9changes se font par la mer&#8230;&nbsp;Plus de&nbsp;<strong>90 000 <\/strong>navires&nbsp;ont sillonn\u00e9 les oc\u00e9ans chaque ann\u00e9e,&nbsp;<strong>br\u00fblant 2 milliards de barils de fuel lourd<\/strong>&nbsp;(issu des d\u00e9chets les plus sales de la distillation du p\u00e9trole brut).<\/li><li>&#8230; recrachent de grandes quantit\u00e9s de polluants, principalement sous forme de dioxyde de soufre, d\u2019oxydes d\u2019azote, et de particules au d\u00e9triment de la sant\u00e9 des populations&#8230; 2 \u00e0 3 % de gaz \u00e0 effet&nbsp;de serre tels que le dioxyde de carbone&nbsp;???&#8230;<\/li><li>&#8230;&nbsp;<strong>les 200 plus gros navires produisent autant de dioxyde de soufre que l\u2019ensemble des v\u00e9hicules&nbsp;automobiles circulant dans le monde.<\/strong>..<\/li><\/ul>\n\n\n\n<p>De plus, l\u2019\u00e9norme parc de machines (dans l\u2019industrie, les BTP&#8230;) qui fonctionnent au fuel n\u2019est pas&nbsp;\u00e9tranger \u00e0 cette pollution&#8230;<br>La question est de savoir si on peut se passer de tout cela et comment : actuellement, dans le&nbsp;monde, on consomme 10 milliards de tonnes de ressources fossiles. C\u2019est ce qui permet d\u2019atteindre,&nbsp;et de conserver, le niveau de vie que nous connaissons aujourd\u2019hui.<\/p>\n\n\n\n<h3 class=\"wp-block-heading\">Les \u00e9nergies renouvelables sont-elles capables de les remplacer&#8230;&nbsp;?<\/h3>\n\n\n\n<p><strong>Les \u00e9nergies renouvelables co\u00fbtent cher<\/strong><\/p>\n\n\n\n<p>Dans ce contexte, les pouvoirs publics ont d\u00e9cid\u00e9 de recourir aux \u00e9nergies renouvelables peu \u00e9mettrices de CO2&nbsp;et surtout aux \u00e9oliennes et au solaire photovolta\u00efque, dont le handicap est l\u2019intermittence et qui&nbsp;sont tr\u00e8s on\u00e9reuses. La Cour des Comptes dans son rapport d\u00e9but 2018 nous expliquait que<strong>&nbsp;121 milliards<\/strong>&nbsp;avaient \u00e9t\u00e9 engag\u00e9s pour les \u00e9nergies renouvelables cens\u00e9es faire baisser le CO2&nbsp;dans&nbsp;l\u2019atmosph\u00e8re.<\/p>\n\n\n\n<p>Cela concerne les projets engag\u00e9s avant le 1er janvier 2018. Si on rajoute les nouveaux projets d\u2019EnR&nbsp;depuis 2017 non compt\u00e9s dans le rapport de la Cour des Comptes, ainsi que les projets offshores, y compris les travaux de mise \u00e0 niveau des r\u00e9seaux 400 KV, 220 KV et autres&#8230; n\u00e9cessaires aux EnR, on&nbsp;peut rajouter la m\u00eame somme =&nbsp;<strong>120 Mds<\/strong>, soit un total de&nbsp;240 milliards \u20ac&nbsp;et dans ce cas, on passe \u00e0&nbsp;<strong>8&nbsp;000 \u20ac<\/strong> \/ foyer&nbsp;(240 Mds \/ 30 millions de foyers).<\/p>\n\n\n\n<p>Si la r\u00e9partition se fait sur 20 ans, cela repr\u00e9sentera une augmentation des factures Edf en moyenne de<strong> 400 \u20ac<\/strong> \/ <strong>an et par foyer<\/strong><\/p>\n\n\n\n<p>Pour parer \u00e0 cette intermittence, une des solutions retenues pour le stockage, impossible \u00e0 grande&nbsp;\u00e9chelle, est l\u2019hydrog\u00e8ne, solution \u00e0 tr\u00e8s faible rendement \u00e9nerg\u00e9tique et particuli\u00e8rement co\u00fbteuse. Cette solution qui a la faveur des promoteurs des \u00e9nergies \u00e9lectriques intermittentes et de nos&nbsp;dirigeants, a l\u2019inconv\u00e9nient de multiplier par deux, voire trois le co\u00fbt de l\u2019\u00e9nergie.<\/p>\n\n\n\n<p>Comment comprendre que la France se soit lanc\u00e9e dans des d\u00e9penses si importantes alors qu\u2019a priori, elle n\u2019avait pas besoin de le faire ? Elle est l\u2019un des pays les plus d\u00e9carbon\u00e9s au monde, de par la pr\u00e9pond\u00e9rance de l\u2019\u00e9nergie nucl\u00e9aire et de l\u2019hydro\u00e9lectricit\u00e9.<br>Notre travail va consister \u00e0 essayer de comprendre cette attitude paradoxale, \u00e0 travers la description et&nbsp;l\u2019examen de chacune des \u00e9nergies renouvelables.<\/p>\n\n\n\n<p><strong>Dans quel cadre celles-ci se d\u00e9veloppent-elles ?<\/strong><\/p>\n\n\n\n<p><strong>Les d\u00e9cisions gouvernementales ont \u00e9t\u00e9 prises dans le cadre des recommandations du GIEC<\/strong> (Groupe d&rsquo;Experts Intergouvernemental sur l&rsquo;Evolution du Climat)&nbsp;qui ont servi de base&nbsp;aux accords de Paris sur le Climat. <strong>Celui-ci a pr\u00e9conis\u00e9 une transition \u00e9nerg\u00e9tique bas carbone pour contenir le r\u00e9chauffement&nbsp;climatique \u00e0 1,5\u00b0C. En France, la loi pour la transition \u00e9nerg\u00e9tique et la croissance verte d\u2019ao\u00fbt 2015 a abouti \u00e0 la PPE (Programmation Pluriannuelle de l\u2019Energie) de 2020 qui vise \u00e0 d\u00e9carboner notre production d\u2019\u00e9nergie: baisser de moiti\u00e9 d\u2019ici \u00e0 2050 notre consommation finale d\u2019\u00e9nergie et&nbsp;diversifier notre mix \u00e9nerg\u00e9tique. Elle a introduit aussi une \u00ab feuille de route \u00bb pour atteindre cet objectif, la SNBC (Strat\u00e9gie Nationale Bas Carbone).<\/strong><\/p>\n\n\n\n<p>La France a choisi par voie l\u00e9gislative de r\u00e9duire cependant la part du nucl\u00e9aire dans le mix \u00e9nerg\u00e9tique \u00e9lectrique \u00e0 50% dans les ann\u00e9es 2030 (d\u00e9cision remise en cause au d\u00e9but de 2022 , comme on le verra plus loin), et d\u2019augmenter la part des \u00e9nergies renouvelables d\u2019une mani\u00e8re cons\u00e9quente. Que peut-on en penser ?<\/p>\n\n\n\n<p>Dans le pr\u00e9sent travail d\u2019investigation, il nous faut \u00e9viter&nbsp;le pi\u00e8ge des jugements \u00e9motionnels,&nbsp;omnipr\u00e9sent dans le d\u00e9bat sur l\u2019\u00e9nergie : alors qu\u2019on devrait s\u2019en tenir au rationnel, il appara\u00eet que la&nbsp;discussion est g\u00e9n\u00e9ralement biais\u00e9e par des a priori impos\u00e9s par les milieux officiels et parfois relay\u00e9s par les m\u00e9dias.<\/p>\n\n\n\n<p>Ce que nous voulons, c\u2019est enqu\u00eater sur ce qui existe en mati\u00e8re d\u2019\u00e9nergies renouvelables, et, bien s\u00fbr, nous assurer de leur fiabilit\u00e9. Il s\u2019agit d\u2019\u00eatre le plus concret possible, en ne perdant pas de vue trois objectifs essentiels et actuels de notre soci\u00e9t\u00e9 : la lutte contre le r\u00e9chauffement climatique et la&nbsp;reconqu\u00eate de la biodiversit\u00e9, l\u2019artificialisation des sols, sans oublier les autres dimensions du&nbsp;d\u00e9veloppement durable (Objectifs 2030 de l\u2019ONU).<\/p>\n\n\n\n<p><strong>Dans ce petit livre,&nbsp;seront abord\u00e9s les vecteurs&nbsp;d\u2019\u00e9nergies&nbsp;renouvelables suivants <\/strong><\/p>\n\n\n\n<ul class=\"wp-block-list\"><li>L\u2019\u00e9olien industriel et domestique<\/li><li>Le solaire photovolta\u00efque industriel et en autoconsommation<\/li><li>Le solaire thermique collectif et individuel<\/li><li>L\u2019hydro\u00e9lectricit\u00e9 et la micro-hydraulique<\/li><li>La g\u00e9othermie profonde productrice d\u2019\u00e9lectricit\u00e9<\/li><li>La g\u00e9othermie de proximit\u00e9, pour le chauffage des logements et pour le collectif-tertiaire, dont les r\u00e9seaux de chaleur et les boucles&nbsp;d\u2019eau&nbsp;temp\u00e9r\u00e9e<\/li><li>La&nbsp;r\u00e9cup\u00e9ration d\u2019\u00e9nergie \u00e0 partir du bois ou des d\u00e9chets&#8230; (la biomasse),<\/li><\/ul>\n\n\n\n<p><strong>et diff\u00e9rents sujets qui y sont li\u00e9s :<\/strong><\/p>\n\n\n\n<ul class=\"wp-block-list\"><li>Le stockage de l\u2019\u00e9nergie<\/li><li>L\u2019efficacit\u00e9 et la sobri\u00e9t\u00e9 \u00e9nerg\u00e9tique<\/li><li>La mobilit\u00e9 : est-elle renouvelable avec l\u2019av\u00e8nement de la voiture \u00e9lectrique&nbsp;? et celui des v\u00e9hicules et engins \u00e0 hydrog\u00e8ne ?<\/li><\/ul>\n\n\n\n<p>C\u2019est surtout d\u2019\u00e9lectricit\u00e9 dont il sera question et on verra pourquoi plus loin.<br><strong>Et dans ce domaine, dans quels termes le probl\u00e8me se pose-t-il&nbsp;? <\/strong>On nous rebat les oreilles d\u2019\u00ab&nbsp;\u00e9lectricit\u00e9 100 % verte&nbsp;\u00bb. <br>C\u2019est ce que nous promettent tel et tel fournisseur d\u2019\u00e9lectricit\u00e9, alors que le r\u00e9seau de distribution ne peut fournir qu\u2019une seule \u00e9lectricit\u00e9 qui est un \u00ab mix \u00bb dans lequel le poids de chaque source est variable.<\/p>\n\n\n\n<p>Mais actuellement, ce sont surtout les \u00e9nergies fossiles qui tiennent le haut du pav\u00e9 : en France, 80 %, et surtout pour les transports.<br><strong>Question : Pourrait-on les remplacer par des \u00e9nergies renouvelables ?<\/strong><\/p>\n\n\n\n<p>Si en plus, il fallait aussi se passer du nucl\u00e9aire, comment ferait-on&nbsp;? C\u2019est la quadrature du cercle. Les \u00e9nergies renouvelables, quelles sont-elles, et quels en sont les avantages et les inconv\u00e9nients ? Elles seront&nbsp;abord\u00e9es une par une, puis on tirera quelques conclusions qui ne pourront qu\u2019\u00eatre provisoires,&nbsp;puisque des avanc\u00e9es technologiques sont attendues&nbsp;pour certaines d\u2019entre elles.<\/p>\n\n\n\n<p>Pour illustrer notre propos, voici un extrait d\u2019interview de&nbsp;Jean-Marc Jancovici expert en \u00e9nergie et en prospective climatique :<\/p>\n\n\n\n<h3 class=\"wp-block-heading\"><strong>\u00ab Un sc\u00e9nario \u00ab 100 % \u00e9nergies renouvelables \u00bb est-il possible ?<\/strong><\/h3>\n\n\n\n<blockquote class=\"wp-block-quote is-layout-flow wp-block-quote-is-layout-flow\"><p>Bien s\u00fbr que si, c\u2019est possible. En l\u2019an de gr\u00e2ce 1500, le monde \u00e9tait 100 % \u00e9nergies renouvelables. Un monde \u00ab tout&nbsp;renouvelable \u00bb&nbsp;est du reste le seul que notre esp\u00e8ce ait connu entre son apparition, il y a 20 000 ans, et&#8230; le d\u00e9but de la r\u00e9volution industrielle. Il n\u2019y a donc aucun probl\u00e8me physique pour y retourner. Ce qui n\u2019est pas possible, c\u2019est d\u2019y revenir avec 500 millions d\u2019habitants en Europe, et 35 000 euros de PIB par personne et par an, et des retraites&nbsp;pay\u00e9es jusqu\u2019\u00e0 85 ans. La r\u00e9volution industrielle, c\u2019est avoir adjoint aux hommes, gr\u00e2ce aux \u00e9nergies fossiles, la force toujours croissante d\u2019un parc de machines toujours&nbsp;croissant, qui travaillent la mati\u00e8re \u00e0 la place de nos bras et jambes, et qui&nbsp;d\u00e9sormais font tout \u00e0 notre place&#8230;<br>Continuer \u00e0 alimenter le m\u00eame parc de machines surpuissant avec juste des \u00e9nergies renouvelables, c\u2019est cela qui&nbsp;ne sera pas possible. La traduction \u00e9conomique de l\u2019affaire est un PIB par personne beaucoup plus petit&#8230; un monde 100 % ENR est un monde o\u00f9 le pouvoir d\u2019achat a beaucoup diminu\u00e9. Je ne dis pas qu\u2019il ne faut pas le faire, je dis juste que c\u2019est mentir que de le promettre sans contraction forte de la consommation.&nbsp;\u00bb<\/p><cite>Extrait d\u2019une interview de Jean-Marc Jancovici dans le Figaro, le 18.03.2020<\/cite><\/blockquote>\n\n\n\n<p><\/p>\n\n\n\n<p><\/p>\n","protected":false},"excerpt":{"rendered":"<p>Tout ce que vous avez toujours voulu savoir sur les \u00e9nergies renouvelables pour tous, de 9 \u00e0 119 ans&#8230; Nous avons \u00e9voqu\u00e9 le projet de la commission \u00e9nergie de notre collectif d&rsquo;\u00e9crire un livre consacr\u00e9 aux \u00e9nergies renouvelables. Ce petit livre &#8211; dont la r\u00e9alisation est coordonn\u00e9 par Marcel Caron &#8211; est destin\u00e9 \u00e0 toute &#8230; <a title=\"Le livre sur les \u00e9nergies renouvelables (suite)\" class=\"read-more\" href=\"https:\/\/toutesnosenergies.fr\/index.php\/2022\/07\/26\/le-livre-sur-les-energies-renouvelables-suite\/\" aria-label=\"Plus sur Le livre sur les \u00e9nergies renouvelables (suite)\">Lire plus<\/a><\/p>\n","protected":false},"author":3,"featured_media":0,"comment_status":"open","ping_status":"open","sticky":false,"template":"","format":"standard","meta":{"_cbd_carousel_blocks":"[]","sfsi_plus_gutenberg_text_before_share":"","sfsi_plus_gutenberg_show_text_before_share":"","sfsi_plus_gutenberg_icon_type":"","sfsi_plus_gutenberg_icon_alignemt":"","sfsi_plus_gutenburg_max_per_row":"","footnotes":""},"categories":[1],"tags":[],"class_list":["post-8432","post","type-post","status-publish","format-standard","hentry","category-non-classe"],"yoast_head":"<!-- This site is optimized with the Yoast SEO plugin v27.4 - https:\/\/yoast.com\/product\/yoast-seo-wordpress\/ -->\n<title>Le livre sur les \u00e9nergies renouvelables (suite) - Toutes Nos \u00c9nergies \u2013 Occitanie Environnement<\/title>\n<meta name=\"robots\" content=\"index, follow, max-snippet:-1, max-image-preview:large, max-video-preview:-1\" \/>\n<link rel=\"canonical\" href=\"https:\/\/toutesnosenergies.fr\/index.php\/2022\/07\/26\/le-livre-sur-les-energies-renouvelables-suite\/\" \/>\n<meta property=\"og:locale\" content=\"fr_FR\" \/>\n<meta property=\"og:type\" content=\"article\" \/>\n<meta property=\"og:title\" content=\"Le livre sur les \u00e9nergies renouvelables (suite) - Toutes Nos \u00c9nergies \u2013 Occitanie Environnement\" \/>\n<meta property=\"og:description\" content=\"Tout ce que vous avez toujours voulu savoir sur les \u00e9nergies renouvelables pour tous, de 9 \u00e0 119 ans&#8230; Nous avons \u00e9voqu\u00e9 le projet de la commission \u00e9nergie de notre collectif d&rsquo;\u00e9crire un livre consacr\u00e9 aux \u00e9nergies renouvelables. Ce petit livre &#8211; dont la r\u00e9alisation est coordonn\u00e9 par Marcel Caron &#8211; est destin\u00e9 \u00e0 toute ... Lire plus\" \/>\n<meta property=\"og:url\" content=\"https:\/\/toutesnosenergies.fr\/index.php\/2022\/07\/26\/le-livre-sur-les-energies-renouvelables-suite\/\" \/>\n<meta property=\"og:site_name\" content=\"Toutes Nos \u00c9nergies \u2013 Occitanie Environnement\" \/>\n<meta property=\"article:publisher\" content=\"https:\/\/www.facebook.com\/TNEtoutesnosenergiesOccitanieEnvironnement\" \/>\n<meta property=\"article:published_time\" content=\"2022-07-26T13:25:46+00:00\" \/>\n<meta property=\"article:modified_time\" content=\"2022-07-26T13:25:50+00:00\" \/>\n<meta name=\"author\" content=\"WM81\" \/>\n<meta name=\"twitter:card\" content=\"summary_large_image\" \/>\n<meta name=\"twitter:label1\" content=\"\u00c9crit par\" \/>\n\t<meta name=\"twitter:data1\" content=\"WM81\" \/>\n\t<meta name=\"twitter:label2\" content=\"Dur\u00e9e de lecture estim\u00e9e\" \/>\n\t<meta name=\"twitter:data2\" content=\"17 minutes\" \/>\n<script type=\"application\/ld+json\" class=\"yoast-schema-graph\">{\"@context\":\"https:\\\/\\\/schema.org\",\"@graph\":[{\"@type\":\"Article\",\"@id\":\"https:\\\/\\\/toutesnosenergies.fr\\\/index.php\\\/2022\\\/07\\\/26\\\/le-livre-sur-les-energies-renouvelables-suite\\\/#article\",\"isPartOf\":{\"@id\":\"https:\\\/\\\/toutesnosenergies.fr\\\/index.php\\\/2022\\\/07\\\/26\\\/le-livre-sur-les-energies-renouvelables-suite\\\/\"},\"author\":{\"name\":\"WM81\",\"@id\":\"https:\\\/\\\/toutesnosenergies.fr\\\/#\\\/schema\\\/person\\\/83b429b7810ce59e0a21afb7e0b3cb1c\"},\"headline\":\"Le livre sur les \u00e9nergies renouvelables (suite)\",\"datePublished\":\"2022-07-26T13:25:46+00:00\",\"dateModified\":\"2022-07-26T13:25:50+00:00\",\"mainEntityOfPage\":{\"@id\":\"https:\\\/\\\/toutesnosenergies.fr\\\/index.php\\\/2022\\\/07\\\/26\\\/le-livre-sur-les-energies-renouvelables-suite\\\/\"},\"wordCount\":3322,\"commentCount\":4,\"publisher\":{\"@id\":\"https:\\\/\\\/toutesnosenergies.fr\\\/#organization\"},\"inLanguage\":\"fr-FR\",\"potentialAction\":[{\"@type\":\"CommentAction\",\"name\":\"Comment\",\"target\":[\"https:\\\/\\\/toutesnosenergies.fr\\\/index.php\\\/2022\\\/07\\\/26\\\/le-livre-sur-les-energies-renouvelables-suite\\\/#respond\"]}]},{\"@type\":\"WebPage\",\"@id\":\"https:\\\/\\\/toutesnosenergies.fr\\\/index.php\\\/2022\\\/07\\\/26\\\/le-livre-sur-les-energies-renouvelables-suite\\\/\",\"url\":\"https:\\\/\\\/toutesnosenergies.fr\\\/index.php\\\/2022\\\/07\\\/26\\\/le-livre-sur-les-energies-renouvelables-suite\\\/\",\"name\":\"Le livre sur les \u00e9nergies renouvelables (suite) - Toutes Nos \u00c9nergies \u2013 Occitanie Environnement\",\"isPartOf\":{\"@id\":\"https:\\\/\\\/toutesnosenergies.fr\\\/#website\"},\"datePublished\":\"2022-07-26T13:25:46+00:00\",\"dateModified\":\"2022-07-26T13:25:50+00:00\",\"breadcrumb\":{\"@id\":\"https:\\\/\\\/toutesnosenergies.fr\\\/index.php\\\/2022\\\/07\\\/26\\\/le-livre-sur-les-energies-renouvelables-suite\\\/#breadcrumb\"},\"inLanguage\":\"fr-FR\",\"potentialAction\":[{\"@type\":\"ReadAction\",\"target\":[\"https:\\\/\\\/toutesnosenergies.fr\\\/index.php\\\/2022\\\/07\\\/26\\\/le-livre-sur-les-energies-renouvelables-suite\\\/\"]}]},{\"@type\":\"BreadcrumbList\",\"@id\":\"https:\\\/\\\/toutesnosenergies.fr\\\/index.php\\\/2022\\\/07\\\/26\\\/le-livre-sur-les-energies-renouvelables-suite\\\/#breadcrumb\",\"itemListElement\":[{\"@type\":\"ListItem\",\"position\":1,\"name\":\"Accueil\",\"item\":\"https:\\\/\\\/toutesnosenergies.fr\\\/\"},{\"@type\":\"ListItem\",\"position\":2,\"name\":\"Le livre sur les \u00e9nergies renouvelables (suite)\"}]},{\"@type\":\"WebSite\",\"@id\":\"https:\\\/\\\/toutesnosenergies.fr\\\/#website\",\"url\":\"https:\\\/\\\/toutesnosenergies.fr\\\/\",\"name\":\"Toutes Nos \u00c9nergies \u2013 Occitanie Environnement\",\"description\":\"Pour une \u00e9nergie respectueuse du vivant et des territoires ruraux en Occitanie\",\"publisher\":{\"@id\":\"https:\\\/\\\/toutesnosenergies.fr\\\/#organization\"},\"potentialAction\":[{\"@type\":\"SearchAction\",\"target\":{\"@type\":\"EntryPoint\",\"urlTemplate\":\"https:\\\/\\\/toutesnosenergies.fr\\\/?s={search_term_string}\"},\"query-input\":{\"@type\":\"PropertyValueSpecification\",\"valueRequired\":true,\"valueName\":\"search_term_string\"}}],\"inLanguage\":\"fr-FR\"},{\"@type\":\"Organization\",\"@id\":\"https:\\\/\\\/toutesnosenergies.fr\\\/#organization\",\"name\":\"Toutes Nos \u00c9nergies \u2013 Occitanie Environnement\",\"url\":\"https:\\\/\\\/toutesnosenergies.fr\\\/\",\"logo\":{\"@type\":\"ImageObject\",\"inLanguage\":\"fr-FR\",\"@id\":\"https:\\\/\\\/toutesnosenergies.fr\\\/#\\\/schema\\\/logo\\\/image\\\/\",\"url\":\"https:\\\/\\\/toutesnosenergies.fr\\\/wp-content\\\/uploads\\\/2023\\\/01\\\/Petit-logo.png\",\"contentUrl\":\"https:\\\/\\\/toutesnosenergies.fr\\\/wp-content\\\/uploads\\\/2023\\\/01\\\/Petit-logo.png\",\"width\":360,\"height\":102,\"caption\":\"Toutes Nos \u00c9nergies \u2013 Occitanie Environnement\"},\"image\":{\"@id\":\"https:\\\/\\\/toutesnosenergies.fr\\\/#\\\/schema\\\/logo\\\/image\\\/\"},\"sameAs\":[\"https:\\\/\\\/www.facebook.com\\\/TNEtoutesnosenergiesOccitanieEnvironnement\"]},{\"@type\":\"Person\",\"@id\":\"https:\\\/\\\/toutesnosenergies.fr\\\/#\\\/schema\\\/person\\\/83b429b7810ce59e0a21afb7e0b3cb1c\",\"name\":\"WM81\",\"image\":{\"@type\":\"ImageObject\",\"inLanguage\":\"fr-FR\",\"@id\":\"https:\\\/\\\/secure.gravatar.com\\\/avatar\\\/aa9bf2bd97a7297274c53294f09e800c7ee0d88290f959d5d49f9380299b9ff1?s=96&d=mm&r=g\",\"url\":\"https:\\\/\\\/secure.gravatar.com\\\/avatar\\\/aa9bf2bd97a7297274c53294f09e800c7ee0d88290f959d5d49f9380299b9ff1?s=96&d=mm&r=g\",\"contentUrl\":\"https:\\\/\\\/secure.gravatar.com\\\/avatar\\\/aa9bf2bd97a7297274c53294f09e800c7ee0d88290f959d5d49f9380299b9ff1?s=96&d=mm&r=g\",\"caption\":\"WM81\"},\"sameAs\":[\"http:\\\/\\\/toutesnosenergies.fr\"],\"url\":\"https:\\\/\\\/toutesnosenergies.fr\\\/index.php\\\/author\\\/wm81\\\/\"}]}<\/script>\n<!-- \/ Yoast SEO plugin. -->","yoast_head_json":{"title":"Le livre sur les \u00e9nergies renouvelables (suite) - Toutes Nos \u00c9nergies \u2013 Occitanie Environnement","robots":{"index":"index","follow":"follow","max-snippet":"max-snippet:-1","max-image-preview":"max-image-preview:large","max-video-preview":"max-video-preview:-1"},"canonical":"https:\/\/toutesnosenergies.fr\/index.php\/2022\/07\/26\/le-livre-sur-les-energies-renouvelables-suite\/","og_locale":"fr_FR","og_type":"article","og_title":"Le livre sur les \u00e9nergies renouvelables (suite) - Toutes Nos \u00c9nergies \u2013 Occitanie Environnement","og_description":"Tout ce que vous avez toujours voulu savoir sur les \u00e9nergies renouvelables pour tous, de 9 \u00e0 119 ans&#8230; Nous avons \u00e9voqu\u00e9 le projet de la commission \u00e9nergie de notre collectif d&rsquo;\u00e9crire un livre consacr\u00e9 aux \u00e9nergies renouvelables. Ce petit livre &#8211; dont la r\u00e9alisation est coordonn\u00e9 par Marcel Caron &#8211; est destin\u00e9 \u00e0 toute ... Lire plus","og_url":"https:\/\/toutesnosenergies.fr\/index.php\/2022\/07\/26\/le-livre-sur-les-energies-renouvelables-suite\/","og_site_name":"Toutes Nos \u00c9nergies \u2013 Occitanie Environnement","article_publisher":"https:\/\/www.facebook.com\/TNEtoutesnosenergiesOccitanieEnvironnement","article_published_time":"2022-07-26T13:25:46+00:00","article_modified_time":"2022-07-26T13:25:50+00:00","author":"WM81","twitter_card":"summary_large_image","twitter_misc":{"\u00c9crit par":"WM81","Dur\u00e9e de lecture estim\u00e9e":"17 minutes"},"schema":{"@context":"https:\/\/schema.org","@graph":[{"@type":"Article","@id":"https:\/\/toutesnosenergies.fr\/index.php\/2022\/07\/26\/le-livre-sur-les-energies-renouvelables-suite\/#article","isPartOf":{"@id":"https:\/\/toutesnosenergies.fr\/index.php\/2022\/07\/26\/le-livre-sur-les-energies-renouvelables-suite\/"},"author":{"name":"WM81","@id":"https:\/\/toutesnosenergies.fr\/#\/schema\/person\/83b429b7810ce59e0a21afb7e0b3cb1c"},"headline":"Le livre sur les \u00e9nergies renouvelables (suite)","datePublished":"2022-07-26T13:25:46+00:00","dateModified":"2022-07-26T13:25:50+00:00","mainEntityOfPage":{"@id":"https:\/\/toutesnosenergies.fr\/index.php\/2022\/07\/26\/le-livre-sur-les-energies-renouvelables-suite\/"},"wordCount":3322,"commentCount":4,"publisher":{"@id":"https:\/\/toutesnosenergies.fr\/#organization"},"inLanguage":"fr-FR","potentialAction":[{"@type":"CommentAction","name":"Comment","target":["https:\/\/toutesnosenergies.fr\/index.php\/2022\/07\/26\/le-livre-sur-les-energies-renouvelables-suite\/#respond"]}]},{"@type":"WebPage","@id":"https:\/\/toutesnosenergies.fr\/index.php\/2022\/07\/26\/le-livre-sur-les-energies-renouvelables-suite\/","url":"https:\/\/toutesnosenergies.fr\/index.php\/2022\/07\/26\/le-livre-sur-les-energies-renouvelables-suite\/","name":"Le livre sur les \u00e9nergies renouvelables (suite) - Toutes Nos \u00c9nergies \u2013 Occitanie Environnement","isPartOf":{"@id":"https:\/\/toutesnosenergies.fr\/#website"},"datePublished":"2022-07-26T13:25:46+00:00","dateModified":"2022-07-26T13:25:50+00:00","breadcrumb":{"@id":"https:\/\/toutesnosenergies.fr\/index.php\/2022\/07\/26\/le-livre-sur-les-energies-renouvelables-suite\/#breadcrumb"},"inLanguage":"fr-FR","potentialAction":[{"@type":"ReadAction","target":["https:\/\/toutesnosenergies.fr\/index.php\/2022\/07\/26\/le-livre-sur-les-energies-renouvelables-suite\/"]}]},{"@type":"BreadcrumbList","@id":"https:\/\/toutesnosenergies.fr\/index.php\/2022\/07\/26\/le-livre-sur-les-energies-renouvelables-suite\/#breadcrumb","itemListElement":[{"@type":"ListItem","position":1,"name":"Accueil","item":"https:\/\/toutesnosenergies.fr\/"},{"@type":"ListItem","position":2,"name":"Le livre sur les \u00e9nergies renouvelables (suite)"}]},{"@type":"WebSite","@id":"https:\/\/toutesnosenergies.fr\/#website","url":"https:\/\/toutesnosenergies.fr\/","name":"Toutes Nos \u00c9nergies \u2013 Occitanie Environnement","description":"Pour une \u00e9nergie respectueuse du vivant et des territoires ruraux en Occitanie","publisher":{"@id":"https:\/\/toutesnosenergies.fr\/#organization"},"potentialAction":[{"@type":"SearchAction","target":{"@type":"EntryPoint","urlTemplate":"https:\/\/toutesnosenergies.fr\/?s={search_term_string}"},"query-input":{"@type":"PropertyValueSpecification","valueRequired":true,"valueName":"search_term_string"}}],"inLanguage":"fr-FR"},{"@type":"Organization","@id":"https:\/\/toutesnosenergies.fr\/#organization","name":"Toutes Nos \u00c9nergies \u2013 Occitanie Environnement","url":"https:\/\/toutesnosenergies.fr\/","logo":{"@type":"ImageObject","inLanguage":"fr-FR","@id":"https:\/\/toutesnosenergies.fr\/#\/schema\/logo\/image\/","url":"https:\/\/toutesnosenergies.fr\/wp-content\/uploads\/2023\/01\/Petit-logo.png","contentUrl":"https:\/\/toutesnosenergies.fr\/wp-content\/uploads\/2023\/01\/Petit-logo.png","width":360,"height":102,"caption":"Toutes Nos \u00c9nergies \u2013 Occitanie Environnement"},"image":{"@id":"https:\/\/toutesnosenergies.fr\/#\/schema\/logo\/image\/"},"sameAs":["https:\/\/www.facebook.com\/TNEtoutesnosenergiesOccitanieEnvironnement"]},{"@type":"Person","@id":"https:\/\/toutesnosenergies.fr\/#\/schema\/person\/83b429b7810ce59e0a21afb7e0b3cb1c","name":"WM81","image":{"@type":"ImageObject","inLanguage":"fr-FR","@id":"https:\/\/secure.gravatar.com\/avatar\/aa9bf2bd97a7297274c53294f09e800c7ee0d88290f959d5d49f9380299b9ff1?s=96&d=mm&r=g","url":"https:\/\/secure.gravatar.com\/avatar\/aa9bf2bd97a7297274c53294f09e800c7ee0d88290f959d5d49f9380299b9ff1?s=96&d=mm&r=g","contentUrl":"https:\/\/secure.gravatar.com\/avatar\/aa9bf2bd97a7297274c53294f09e800c7ee0d88290f959d5d49f9380299b9ff1?s=96&d=mm&r=g","caption":"WM81"},"sameAs":["http:\/\/toutesnosenergies.fr"],"url":"https:\/\/toutesnosenergies.fr\/index.php\/author\/wm81\/"}]}},"_links":{"self":[{"href":"https:\/\/toutesnosenergies.fr\/index.php\/wp-json\/wp\/v2\/posts\/8432","targetHints":{"allow":["GET"]}}],"collection":[{"href":"https:\/\/toutesnosenergies.fr\/index.php\/wp-json\/wp\/v2\/posts"}],"about":[{"href":"https:\/\/toutesnosenergies.fr\/index.php\/wp-json\/wp\/v2\/types\/post"}],"author":[{"embeddable":true,"href":"https:\/\/toutesnosenergies.fr\/index.php\/wp-json\/wp\/v2\/users\/3"}],"replies":[{"embeddable":true,"href":"https:\/\/toutesnosenergies.fr\/index.php\/wp-json\/wp\/v2\/comments?post=8432"}],"version-history":[{"count":8,"href":"https:\/\/toutesnosenergies.fr\/index.php\/wp-json\/wp\/v2\/posts\/8432\/revisions"}],"predecessor-version":[{"id":8441,"href":"https:\/\/toutesnosenergies.fr\/index.php\/wp-json\/wp\/v2\/posts\/8432\/revisions\/8441"}],"wp:attachment":[{"href":"https:\/\/toutesnosenergies.fr\/index.php\/wp-json\/wp\/v2\/media?parent=8432"}],"wp:term":[{"taxonomy":"category","embeddable":true,"href":"https:\/\/toutesnosenergies.fr\/index.php\/wp-json\/wp\/v2\/categories?post=8432"},{"taxonomy":"post_tag","embeddable":true,"href":"https:\/\/toutesnosenergies.fr\/index.php\/wp-json\/wp\/v2\/tags?post=8432"}],"curies":[{"name":"wp","href":"https:\/\/api.w.org\/{rel}","templated":true}]}}