{"id":8464,"date":"2022-08-01T11:59:29","date_gmt":"2022-08-01T09:59:29","guid":{"rendered":"https:\/\/toutesnosenergies.fr\/?p=8464"},"modified":"2022-08-02T11:58:14","modified_gmt":"2022-08-02T09:58:14","slug":"energie-renouvelable-les-maires-lancent-un-avertissement-au-gouvernement","status":"publish","type":"post","link":"https:\/\/toutesnosenergies.fr\/index.php\/2022\/08\/01\/energie-renouvelable-les-maires-lancent-un-avertissement-au-gouvernement\/","title":{"rendered":"\u00c9nergie renouvelable : les maires lancent un avertissement au gouvernement"},"content":{"rendered":"\n<blockquote class=\"wp-block-quote is-layout-flow wp-block-quote-is-layout-flow\"><p>Alors que d\u2019importants travaux sont en cours pour l\u2019\u00e9laboration de la future Strat\u00e9gie Fran\u00e7aise pour l\u2019\u00c9nergie et le Climat et que le pays est confront\u00e9 \u00e0 des difficult\u00e9s d\u2019approvisionnement en \u00e9nergie, les maires de France souhaitent vous alerter.&nbsp;<br>Ils craignent que ces circonstances particuli\u00e8res, confort\u00e9es par la volont\u00e9 partag\u00e9e d\u2019acc\u00e9l\u00e9rer la transition \u00e9cologique, ne conduisent \u00e0 un abaissement des exigences de l\u2019\u00c9tat vis-\u00e0-vis de la qualit\u00e9 des projets de d\u00e9veloppement des \u00e9nergies renouvelables<\/p><cite>David Lisnard, pr\u00e9sident de l&rsquo;Association des Maires de France<\/cite><\/blockquote>\n\n\n\n<p class=\"has-background\" style=\"background-color:#4cff5b\">Apr\u00e8s avoir pris connaissance de<a rel=\"noreferrer noopener\" href=\"https:\/\/toutesnosenergies.fr\/wp-content\/uploads\/2022\/08\/Lettre-AMF.pdf\" target=\"_blank\"> la lettre \u00e0 madame Borne<\/a>, de David Lisnard, pr\u00e9sident de l&rsquo;AMF (Association des Maires de France), le collectif TNE-Occitanie Environnement r\u00e9agit en soutien \u00e0 leurs pr\u00e9occupations.<\/p>\n\n\n\n<p>Monsieur le Pr\u00e9sident,<\/p>\n\n\n\n<p>Nous avons pris connaissance avec un grand int\u00e9r\u00eat de votre courrier \u00e0 Madame Borne en date du&nbsp; 22 juillet. Nous avons particuli\u00e8rement retenu votre mention du <em>sentiment de d\u00e9fiance et de d\u00e9classement des populations rurales<\/em> \u00e0 l\u2019\u00e9gard de projets \u00e9oliens implant\u00e9s contre leur gr\u00e9, dans l\u2019irrespect des gens et du patrimoine naturel, culturel et paysagers auquel ils sont attach\u00e9s.<\/p>\n\n\n\n<p>Notre collectif r\u00e9gional r\u00e9unit plus d\u2019une centaine d\u2019associations implant\u00e9es en zone rurale dans 10 d\u00e9partements d\u2019Occitanie. Depuis des d\u00e9cennies, certaines de ces associations alertent les autorit\u00e9s sur les conditions du d\u00e9ploiement de l\u2019\u00e9olien industriel dans nos territoires.&nbsp;<\/p>\n\n\n\n<p>Ces derni\u00e8res ann\u00e9es des associations naturalistes (LPO, SFEPM, SOS Busards, etc.) et de d\u00e9fense du patrimoine monumental et paysager (Sites et Monuments) ont \u00e0 leur tour exprim\u00e9 leurs inqui\u00e9tudes face \u00e0 l\u2019implantation inconsid\u00e9r\u00e9e d\u2019\u00e9oliennes dans des secteurs \u00e0 forts enjeux paysagers, patrimoniaux et de biodiversit\u00e9.&nbsp;<\/p>\n\n\n\n<blockquote class=\"wp-block-quote is-layout-flow wp-block-quote-is-layout-flow\"><p>Aucun imp\u00e9ratif sup\u00e9rieur ne saurait justifier que l\u2019\u00c9tat en vienne aujourd\u2019hui \u00e0 abaisser ses exigences de qualit\u00e9 vis-\u00e0-vis des projets d\u2019\u00e9nergie renouvelable<\/p><cite>Collectif Toutes Nos \u00c9nergies-Occitanie Environnement<\/cite><\/blockquote>\n\n\n\n<p>Des parcs naturels r\u00e9gionaux d\u2019Occitanie&nbsp;: Grands Causses, Haut Languedoc, Narbonnaise, sont sur\u00e9quip\u00e9s au d\u00e9triment de leur mission premi\u00e8re de protection et de mise en valeur de leur patrimoine naturel et culturel. On en est arriv\u00e9 au point o\u00f9 des avis autoris\u00e9s (Autorit\u00e9 environnementale, Conseil national de protection de la nature) recommandent d\u2019\u00e9viter d\u00e9sormais les secteurs \u00e0 forte densit\u00e9 d\u2019\u00e9oliennes, en raison des effets cumulatifs de ces implantations sur la biodiversit\u00e9.<\/p>\n\n\n\n<p>Dans ces conditions, nous partageons votre conviction&nbsp;: aucun imp\u00e9ratif sup\u00e9rieur ne saurait justifier que l\u2019\u00c9tat en vienne aujourd\u2019hui \u00e0 abaisser ses exigences de qualit\u00e9 vis-\u00e0-vis des projets d\u2019\u00e9nergie renouvelable. Nous ne pouvons que nous f\u00e9liciter de votre intervention \u00e0 ce sujet aupr\u00e8s de Mme la premi\u00e8re ministre et nous vous en sommes infiniment gr\u00e9.<\/p>\n\n\n<div class=\"wp-block-image\">\n<figure class=\"aligncenter size-large is-resized\"><img loading=\"lazy\" decoding=\"async\" src=\"https:\/\/toutesnosenergies.fr\/wp-content\/uploads\/2022\/08\/lettre-au-president-AMF-1024x376.png\" alt=\"\" class=\"wp-image-8470\" width=\"607\" height=\"223\" srcset=\"https:\/\/toutesnosenergies.fr\/wp-content\/uploads\/2022\/08\/lettre-au-president-AMF-1024x376.png 1024w, https:\/\/toutesnosenergies.fr\/wp-content\/uploads\/2022\/08\/lettre-au-president-AMF-300x110.png 300w, https:\/\/toutesnosenergies.fr\/wp-content\/uploads\/2022\/08\/lettre-au-president-AMF-768x282.png 768w, https:\/\/toutesnosenergies.fr\/wp-content\/uploads\/2022\/08\/lettre-au-president-AMF.png 1170w\" sizes=\"auto, (max-width: 607px) 100vw, 607px\" \/><\/figure>\n<\/div>\n\n\n<hr class=\"wp-block-separator has-alpha-channel-opacity is-style-wide\"\/>\n\n\n<div class=\"wp-block-image\">\n<figure class=\"alignright size-large is-resized\"><img loading=\"lazy\" decoding=\"async\" src=\"https:\/\/cdn-s-www.vosgesmatin.fr\/images\/E6B3CC7E-BCBE-4F48-A687-28A4C41D0A9F\/NW_raw\/michel-fournier-le-president-de-l-association-des-maires-de-france-avec-elisabeth-borne-photo-vm-eric-thiebaut-1659035655.jpg\" alt=\"\" width=\"223\" height=\"148\"\/><\/figure>\n<\/div>\n\n\n<p><br>Dans son allocution de bienvenue, <strong>Michel Fournier, le pr\u00e9sident des maires ruraux de France<\/strong>, a propos\u00e9 \u00e0&nbsp;\u00c9lisabeth Borne&nbsp;qui, en tant que Premi\u00e8re ministre, doit traditionnellement planter un arbre \u00e0 Matignon, de choisir une essence tr\u00e8s particuli\u00e8re&nbsp;: une \u00e9olienne&nbsp;!<\/p>\n","protected":false},"excerpt":{"rendered":"<p>Alors que d\u2019importants travaux sont en cours pour l\u2019\u00e9laboration de la future Strat\u00e9gie Fran\u00e7aise pour l\u2019\u00c9nergie et le Climat et que le pays est confront\u00e9 \u00e0 des difficult\u00e9s d\u2019approvisionnement en \u00e9nergie, les maires de France souhaitent vous alerter.&nbsp;Ils craignent que ces circonstances particuli\u00e8res, confort\u00e9es par la volont\u00e9 partag\u00e9e d\u2019acc\u00e9l\u00e9rer la transition \u00e9cologique, ne conduisent \u00e0 &#8230; <a title=\"\u00c9nergie renouvelable : les maires lancent un avertissement au gouvernement\" class=\"read-more\" href=\"https:\/\/toutesnosenergies.fr\/index.php\/2022\/08\/01\/energie-renouvelable-les-maires-lancent-un-avertissement-au-gouvernement\/\" aria-label=\"Plus sur \u00c9nergie renouvelable : les maires lancent un avertissement au gouvernement\">Lire plus<\/a><\/p>\n","protected":false},"author":3,"featured_media":0,"comment_status":"open","ping_status":"open","sticky":false,"template":"","format":"standard","meta":{"_cbd_carousel_blocks":"[]","sfsi_plus_gutenberg_text_before_share":"","sfsi_plus_gutenberg_show_text_before_share":"","sfsi_plus_gutenberg_icon_type":"","sfsi_plus_gutenberg_icon_alignemt":"","sfsi_plus_gutenburg_max_per_row":"","footnotes":""},"categories":[7],"tags":[],"class_list":["post-8464","post","type-post","status-publish","format-standard","hentry","category-communiques-collectif-tne-oe"],"yoast_head":"<!-- This site is optimized with the Yoast SEO plugin v27.4 - https:\/\/yoast.com\/product\/yoast-seo-wordpress\/ -->\n<title>\u00c9nergie renouvelable : les maires lancent un avertissement au gouvernement - Toutes Nos \u00c9nergies \u2013 Occitanie Environnement<\/title>\n<meta name=\"robots\" content=\"index, follow, max-snippet:-1, max-image-preview:large, max-video-preview:-1\" \/>\n<link rel=\"canonical\" href=\"https:\/\/toutesnosenergies.fr\/index.php\/2022\/08\/01\/energie-renouvelable-les-maires-lancent-un-avertissement-au-gouvernement\/\" \/>\n<meta property=\"og:locale\" content=\"fr_FR\" \/>\n<meta property=\"og:type\" content=\"article\" \/>\n<meta property=\"og:title\" content=\"\u00c9nergie renouvelable : les maires lancent un avertissement au gouvernement - Toutes Nos \u00c9nergies \u2013 Occitanie Environnement\" \/>\n<meta property=\"og:description\" content=\"Alors que d\u2019importants travaux sont en cours pour l\u2019\u00e9laboration de la future Strat\u00e9gie Fran\u00e7aise pour l\u2019\u00c9nergie et le Climat et que le pays est confront\u00e9 \u00e0 des difficult\u00e9s d\u2019approvisionnement en \u00e9nergie, les maires de France souhaitent vous alerter.&nbsp;Ils craignent que ces circonstances particuli\u00e8res, confort\u00e9es par la volont\u00e9 partag\u00e9e d\u2019acc\u00e9l\u00e9rer la transition \u00e9cologique, ne conduisent \u00e0 ... Lire plus\" \/>\n<meta property=\"og:url\" content=\"https:\/\/toutesnosenergies.fr\/index.php\/2022\/08\/01\/energie-renouvelable-les-maires-lancent-un-avertissement-au-gouvernement\/\" \/>\n<meta property=\"og:site_name\" content=\"Toutes Nos \u00c9nergies \u2013 Occitanie Environnement\" \/>\n<meta property=\"article:publisher\" content=\"https:\/\/www.facebook.com\/TNEtoutesnosenergiesOccitanieEnvironnement\" \/>\n<meta property=\"article:published_time\" content=\"2022-08-01T09:59:29+00:00\" \/>\n<meta property=\"article:modified_time\" content=\"2022-08-02T09:58:14+00:00\" \/>\n<meta property=\"og:image\" content=\"https:\/\/toutesnosenergies.fr\/wp-content\/uploads\/2022\/08\/lettre-au-president-AMF-1024x376.png\" \/>\n<meta name=\"author\" content=\"WM81\" \/>\n<meta name=\"twitter:card\" content=\"summary_large_image\" \/>\n<meta name=\"twitter:label1\" content=\"\u00c9crit par\" \/>\n\t<meta name=\"twitter:data1\" content=\"WM81\" \/>\n\t<meta name=\"twitter:label2\" content=\"Dur\u00e9e de lecture estim\u00e9e\" \/>\n\t<meta name=\"twitter:data2\" content=\"3 minutes\" \/>\n<script type=\"application\/ld+json\" class=\"yoast-schema-graph\">{\"@context\":\"https:\\\/\\\/schema.org\",\"@graph\":[{\"@type\":\"Article\",\"@id\":\"https:\\\/\\\/toutesnosenergies.fr\\\/index.php\\\/2022\\\/08\\\/01\\\/energie-renouvelable-les-maires-lancent-un-avertissement-au-gouvernement\\\/#article\",\"isPartOf\":{\"@id\":\"https:\\\/\\\/toutesnosenergies.fr\\\/index.php\\\/2022\\\/08\\\/01\\\/energie-renouvelable-les-maires-lancent-un-avertissement-au-gouvernement\\\/\"},\"author\":{\"name\":\"WM81\",\"@id\":\"https:\\\/\\\/toutesnosenergies.fr\\\/#\\\/schema\\\/person\\\/83b429b7810ce59e0a21afb7e0b3cb1c\"},\"headline\":\"\u00c9nergie renouvelable : les maires lancent un avertissement au gouvernement\",\"datePublished\":\"2022-08-01T09:59:29+00:00\",\"dateModified\":\"2022-08-02T09:58:14+00:00\",\"mainEntityOfPage\":{\"@id\":\"https:\\\/\\\/toutesnosenergies.fr\\\/index.php\\\/2022\\\/08\\\/01\\\/energie-renouvelable-les-maires-lancent-un-avertissement-au-gouvernement\\\/\"},\"wordCount\":529,\"commentCount\":3,\"publisher\":{\"@id\":\"https:\\\/\\\/toutesnosenergies.fr\\\/#organization\"},\"image\":{\"@id\":\"https:\\\/\\\/toutesnosenergies.fr\\\/index.php\\\/2022\\\/08\\\/01\\\/energie-renouvelable-les-maires-lancent-un-avertissement-au-gouvernement\\\/#primaryimage\"},\"thumbnailUrl\":\"https:\\\/\\\/toutesnosenergies.fr\\\/wp-content\\\/uploads\\\/2022\\\/08\\\/lettre-au-president-AMF-1024x376.png\",\"articleSection\":[\"Communiqu\u00e9s de TNE-OE\"],\"inLanguage\":\"fr-FR\",\"potentialAction\":[{\"@type\":\"CommentAction\",\"name\":\"Comment\",\"target\":[\"https:\\\/\\\/toutesnosenergies.fr\\\/index.php\\\/2022\\\/08\\\/01\\\/energie-renouvelable-les-maires-lancent-un-avertissement-au-gouvernement\\\/#respond\"]}]},{\"@type\":\"WebPage\",\"@id\":\"https:\\\/\\\/toutesnosenergies.fr\\\/index.php\\\/2022\\\/08\\\/01\\\/energie-renouvelable-les-maires-lancent-un-avertissement-au-gouvernement\\\/\",\"url\":\"https:\\\/\\\/toutesnosenergies.fr\\\/index.php\\\/2022\\\/08\\\/01\\\/energie-renouvelable-les-maires-lancent-un-avertissement-au-gouvernement\\\/\",\"name\":\"\u00c9nergie renouvelable : les maires lancent un avertissement au gouvernement - Toutes Nos \u00c9nergies \u2013 Occitanie Environnement\",\"isPartOf\":{\"@id\":\"https:\\\/\\\/toutesnosenergies.fr\\\/#website\"},\"primaryImageOfPage\":{\"@id\":\"https:\\\/\\\/toutesnosenergies.fr\\\/index.php\\\/2022\\\/08\\\/01\\\/energie-renouvelable-les-maires-lancent-un-avertissement-au-gouvernement\\\/#primaryimage\"},\"image\":{\"@id\":\"https:\\\/\\\/toutesnosenergies.fr\\\/index.php\\\/2022\\\/08\\\/01\\\/energie-renouvelable-les-maires-lancent-un-avertissement-au-gouvernement\\\/#primaryimage\"},\"thumbnailUrl\":\"https:\\\/\\\/toutesnosenergies.fr\\\/wp-content\\\/uploads\\\/2022\\\/08\\\/lettre-au-president-AMF-1024x376.png\",\"datePublished\":\"2022-08-01T09:59:29+00:00\",\"dateModified\":\"2022-08-02T09:58:14+00:00\",\"breadcrumb\":{\"@id\":\"https:\\\/\\\/toutesnosenergies.fr\\\/index.php\\\/2022\\\/08\\\/01\\\/energie-renouvelable-les-maires-lancent-un-avertissement-au-gouvernement\\\/#breadcrumb\"},\"inLanguage\":\"fr-FR\",\"potentialAction\":[{\"@type\":\"ReadAction\",\"target\":[\"https:\\\/\\\/toutesnosenergies.fr\\\/index.php\\\/2022\\\/08\\\/01\\\/energie-renouvelable-les-maires-lancent-un-avertissement-au-gouvernement\\\/\"]}]},{\"@type\":\"ImageObject\",\"inLanguage\":\"fr-FR\",\"@id\":\"https:\\\/\\\/toutesnosenergies.fr\\\/index.php\\\/2022\\\/08\\\/01\\\/energie-renouvelable-les-maires-lancent-un-avertissement-au-gouvernement\\\/#primaryimage\",\"url\":\"https:\\\/\\\/toutesnosenergies.fr\\\/wp-content\\\/uploads\\\/2022\\\/08\\\/lettre-au-president-AMF.png\",\"contentUrl\":\"https:\\\/\\\/toutesnosenergies.fr\\\/wp-content\\\/uploads\\\/2022\\\/08\\\/lettre-au-president-AMF.png\",\"width\":1170,\"height\":430},{\"@type\":\"BreadcrumbList\",\"@id\":\"https:\\\/\\\/toutesnosenergies.fr\\\/index.php\\\/2022\\\/08\\\/01\\\/energie-renouvelable-les-maires-lancent-un-avertissement-au-gouvernement\\\/#breadcrumb\",\"itemListElement\":[{\"@type\":\"ListItem\",\"position\":1,\"name\":\"Accueil\",\"item\":\"https:\\\/\\\/toutesnosenergies.fr\\\/\"},{\"@type\":\"ListItem\",\"position\":2,\"name\":\"\u00c9nergie renouvelable : les maires lancent un avertissement au gouvernement\"}]},{\"@type\":\"WebSite\",\"@id\":\"https:\\\/\\\/toutesnosenergies.fr\\\/#website\",\"url\":\"https:\\\/\\\/toutesnosenergies.fr\\\/\",\"name\":\"Toutes Nos \u00c9nergies \u2013 Occitanie Environnement\",\"description\":\"Pour une \u00e9nergie respectueuse du vivant et des territoires ruraux en Occitanie\",\"publisher\":{\"@id\":\"https:\\\/\\\/toutesnosenergies.fr\\\/#organization\"},\"potentialAction\":[{\"@type\":\"SearchAction\",\"target\":{\"@type\":\"EntryPoint\",\"urlTemplate\":\"https:\\\/\\\/toutesnosenergies.fr\\\/?s={search_term_string}\"},\"query-input\":{\"@type\":\"PropertyValueSpecification\",\"valueRequired\":true,\"valueName\":\"search_term_string\"}}],\"inLanguage\":\"fr-FR\"},{\"@type\":\"Organization\",\"@id\":\"https:\\\/\\\/toutesnosenergies.fr\\\/#organization\",\"name\":\"Toutes Nos \u00c9nergies \u2013 Occitanie Environnement\",\"url\":\"https:\\\/\\\/toutesnosenergies.fr\\\/\",\"logo\":{\"@type\":\"ImageObject\",\"inLanguage\":\"fr-FR\",\"@id\":\"https:\\\/\\\/toutesnosenergies.fr\\\/#\\\/schema\\\/logo\\\/image\\\/\",\"url\":\"https:\\\/\\\/toutesnosenergies.fr\\\/wp-content\\\/uploads\\\/2023\\\/01\\\/Petit-logo.png\",\"contentUrl\":\"https:\\\/\\\/toutesnosenergies.fr\\\/wp-content\\\/uploads\\\/2023\\\/01\\\/Petit-logo.png\",\"width\":360,\"height\":102,\"caption\":\"Toutes Nos \u00c9nergies \u2013 Occitanie Environnement\"},\"image\":{\"@id\":\"https:\\\/\\\/toutesnosenergies.fr\\\/#\\\/schema\\\/logo\\\/image\\\/\"},\"sameAs\":[\"https:\\\/\\\/www.facebook.com\\\/TNEtoutesnosenergiesOccitanieEnvironnement\"]},{\"@type\":\"Person\",\"@id\":\"https:\\\/\\\/toutesnosenergies.fr\\\/#\\\/schema\\\/person\\\/83b429b7810ce59e0a21afb7e0b3cb1c\",\"name\":\"WM81\",\"image\":{\"@type\":\"ImageObject\",\"inLanguage\":\"fr-FR\",\"@id\":\"https:\\\/\\\/secure.gravatar.com\\\/avatar\\\/aa9bf2bd97a7297274c53294f09e800c7ee0d88290f959d5d49f9380299b9ff1?s=96&d=mm&r=g\",\"url\":\"https:\\\/\\\/secure.gravatar.com\\\/avatar\\\/aa9bf2bd97a7297274c53294f09e800c7ee0d88290f959d5d49f9380299b9ff1?s=96&d=mm&r=g\",\"contentUrl\":\"https:\\\/\\\/secure.gravatar.com\\\/avatar\\\/aa9bf2bd97a7297274c53294f09e800c7ee0d88290f959d5d49f9380299b9ff1?s=96&d=mm&r=g\",\"caption\":\"WM81\"},\"sameAs\":[\"http:\\\/\\\/toutesnosenergies.fr\"],\"url\":\"https:\\\/\\\/toutesnosenergies.fr\\\/index.php\\\/author\\\/wm81\\\/\"}]}<\/script>\n<!-- \/ Yoast SEO plugin. -->","yoast_head_json":{"title":"\u00c9nergie renouvelable : les maires lancent un avertissement au gouvernement - Toutes Nos \u00c9nergies \u2013 Occitanie Environnement","robots":{"index":"index","follow":"follow","max-snippet":"max-snippet:-1","max-image-preview":"max-image-preview:large","max-video-preview":"max-video-preview:-1"},"canonical":"https:\/\/toutesnosenergies.fr\/index.php\/2022\/08\/01\/energie-renouvelable-les-maires-lancent-un-avertissement-au-gouvernement\/","og_locale":"fr_FR","og_type":"article","og_title":"\u00c9nergie renouvelable : les maires lancent un avertissement au gouvernement - Toutes Nos \u00c9nergies \u2013 Occitanie Environnement","og_description":"Alors que d\u2019importants travaux sont en cours pour l\u2019\u00e9laboration de la future Strat\u00e9gie Fran\u00e7aise pour l\u2019\u00c9nergie et le Climat et que le pays est confront\u00e9 \u00e0 des difficult\u00e9s d\u2019approvisionnement en \u00e9nergie, les maires de France souhaitent vous alerter.&nbsp;Ils craignent que ces circonstances particuli\u00e8res, confort\u00e9es par la volont\u00e9 partag\u00e9e d\u2019acc\u00e9l\u00e9rer la transition \u00e9cologique, ne conduisent \u00e0 ... Lire plus","og_url":"https:\/\/toutesnosenergies.fr\/index.php\/2022\/08\/01\/energie-renouvelable-les-maires-lancent-un-avertissement-au-gouvernement\/","og_site_name":"Toutes Nos \u00c9nergies \u2013 Occitanie Environnement","article_publisher":"https:\/\/www.facebook.com\/TNEtoutesnosenergiesOccitanieEnvironnement","article_published_time":"2022-08-01T09:59:29+00:00","article_modified_time":"2022-08-02T09:58:14+00:00","og_image":[{"url":"https:\/\/toutesnosenergies.fr\/wp-content\/uploads\/2022\/08\/lettre-au-president-AMF-1024x376.png","type":"","width":"","height":""}],"author":"WM81","twitter_card":"summary_large_image","twitter_misc":{"\u00c9crit par":"WM81","Dur\u00e9e de lecture estim\u00e9e":"3 minutes"},"schema":{"@context":"https:\/\/schema.org","@graph":[{"@type":"Article","@id":"https:\/\/toutesnosenergies.fr\/index.php\/2022\/08\/01\/energie-renouvelable-les-maires-lancent-un-avertissement-au-gouvernement\/#article","isPartOf":{"@id":"https:\/\/toutesnosenergies.fr\/index.php\/2022\/08\/01\/energie-renouvelable-les-maires-lancent-un-avertissement-au-gouvernement\/"},"author":{"name":"WM81","@id":"https:\/\/toutesnosenergies.fr\/#\/schema\/person\/83b429b7810ce59e0a21afb7e0b3cb1c"},"headline":"\u00c9nergie renouvelable : les maires lancent un avertissement au gouvernement","datePublished":"2022-08-01T09:59:29+00:00","dateModified":"2022-08-02T09:58:14+00:00","mainEntityOfPage":{"@id":"https:\/\/toutesnosenergies.fr\/index.php\/2022\/08\/01\/energie-renouvelable-les-maires-lancent-un-avertissement-au-gouvernement\/"},"wordCount":529,"commentCount":3,"publisher":{"@id":"https:\/\/toutesnosenergies.fr\/#organization"},"image":{"@id":"https:\/\/toutesnosenergies.fr\/index.php\/2022\/08\/01\/energie-renouvelable-les-maires-lancent-un-avertissement-au-gouvernement\/#primaryimage"},"thumbnailUrl":"https:\/\/toutesnosenergies.fr\/wp-content\/uploads\/2022\/08\/lettre-au-president-AMF-1024x376.png","articleSection":["Communiqu\u00e9s de TNE-OE"],"inLanguage":"fr-FR","potentialAction":[{"@type":"CommentAction","name":"Comment","target":["https:\/\/toutesnosenergies.fr\/index.php\/2022\/08\/01\/energie-renouvelable-les-maires-lancent-un-avertissement-au-gouvernement\/#respond"]}]},{"@type":"WebPage","@id":"https:\/\/toutesnosenergies.fr\/index.php\/2022\/08\/01\/energie-renouvelable-les-maires-lancent-un-avertissement-au-gouvernement\/","url":"https:\/\/toutesnosenergies.fr\/index.php\/2022\/08\/01\/energie-renouvelable-les-maires-lancent-un-avertissement-au-gouvernement\/","name":"\u00c9nergie renouvelable : les maires lancent un avertissement au gouvernement - Toutes Nos \u00c9nergies \u2013 Occitanie Environnement","isPartOf":{"@id":"https:\/\/toutesnosenergies.fr\/#website"},"primaryImageOfPage":{"@id":"https:\/\/toutesnosenergies.fr\/index.php\/2022\/08\/01\/energie-renouvelable-les-maires-lancent-un-avertissement-au-gouvernement\/#primaryimage"},"image":{"@id":"https:\/\/toutesnosenergies.fr\/index.php\/2022\/08\/01\/energie-renouvelable-les-maires-lancent-un-avertissement-au-gouvernement\/#primaryimage"},"thumbnailUrl":"https:\/\/toutesnosenergies.fr\/wp-content\/uploads\/2022\/08\/lettre-au-president-AMF-1024x376.png","datePublished":"2022-08-01T09:59:29+00:00","dateModified":"2022-08-02T09:58:14+00:00","breadcrumb":{"@id":"https:\/\/toutesnosenergies.fr\/index.php\/2022\/08\/01\/energie-renouvelable-les-maires-lancent-un-avertissement-au-gouvernement\/#breadcrumb"},"inLanguage":"fr-FR","potentialAction":[{"@type":"ReadAction","target":["https:\/\/toutesnosenergies.fr\/index.php\/2022\/08\/01\/energie-renouvelable-les-maires-lancent-un-avertissement-au-gouvernement\/"]}]},{"@type":"ImageObject","inLanguage":"fr-FR","@id":"https:\/\/toutesnosenergies.fr\/index.php\/2022\/08\/01\/energie-renouvelable-les-maires-lancent-un-avertissement-au-gouvernement\/#primaryimage","url":"https:\/\/toutesnosenergies.fr\/wp-content\/uploads\/2022\/08\/lettre-au-president-AMF.png","contentUrl":"https:\/\/toutesnosenergies.fr\/wp-content\/uploads\/2022\/08\/lettre-au-president-AMF.png","width":1170,"height":430},{"@type":"BreadcrumbList","@id":"https:\/\/toutesnosenergies.fr\/index.php\/2022\/08\/01\/energie-renouvelable-les-maires-lancent-un-avertissement-au-gouvernement\/#breadcrumb","itemListElement":[{"@type":"ListItem","position":1,"name":"Accueil","item":"https:\/\/toutesnosenergies.fr\/"},{"@type":"ListItem","position":2,"name":"\u00c9nergie renouvelable : les maires lancent un avertissement au gouvernement"}]},{"@type":"WebSite","@id":"https:\/\/toutesnosenergies.fr\/#website","url":"https:\/\/toutesnosenergies.fr\/","name":"Toutes Nos \u00c9nergies \u2013 Occitanie Environnement","description":"Pour une \u00e9nergie respectueuse du vivant et des territoires ruraux en Occitanie","publisher":{"@id":"https:\/\/toutesnosenergies.fr\/#organization"},"potentialAction":[{"@type":"SearchAction","target":{"@type":"EntryPoint","urlTemplate":"https:\/\/toutesnosenergies.fr\/?s={search_term_string}"},"query-input":{"@type":"PropertyValueSpecification","valueRequired":true,"valueName":"search_term_string"}}],"inLanguage":"fr-FR"},{"@type":"Organization","@id":"https:\/\/toutesnosenergies.fr\/#organization","name":"Toutes Nos \u00c9nergies \u2013 Occitanie Environnement","url":"https:\/\/toutesnosenergies.fr\/","logo":{"@type":"ImageObject","inLanguage":"fr-FR","@id":"https:\/\/toutesnosenergies.fr\/#\/schema\/logo\/image\/","url":"https:\/\/toutesnosenergies.fr\/wp-content\/uploads\/2023\/01\/Petit-logo.png","contentUrl":"https:\/\/toutesnosenergies.fr\/wp-content\/uploads\/2023\/01\/Petit-logo.png","width":360,"height":102,"caption":"Toutes Nos \u00c9nergies \u2013 Occitanie Environnement"},"image":{"@id":"https:\/\/toutesnosenergies.fr\/#\/schema\/logo\/image\/"},"sameAs":["https:\/\/www.facebook.com\/TNEtoutesnosenergiesOccitanieEnvironnement"]},{"@type":"Person","@id":"https:\/\/toutesnosenergies.fr\/#\/schema\/person\/83b429b7810ce59e0a21afb7e0b3cb1c","name":"WM81","image":{"@type":"ImageObject","inLanguage":"fr-FR","@id":"https:\/\/secure.gravatar.com\/avatar\/aa9bf2bd97a7297274c53294f09e800c7ee0d88290f959d5d49f9380299b9ff1?s=96&d=mm&r=g","url":"https:\/\/secure.gravatar.com\/avatar\/aa9bf2bd97a7297274c53294f09e800c7ee0d88290f959d5d49f9380299b9ff1?s=96&d=mm&r=g","contentUrl":"https:\/\/secure.gravatar.com\/avatar\/aa9bf2bd97a7297274c53294f09e800c7ee0d88290f959d5d49f9380299b9ff1?s=96&d=mm&r=g","caption":"WM81"},"sameAs":["http:\/\/toutesnosenergies.fr"],"url":"https:\/\/toutesnosenergies.fr\/index.php\/author\/wm81\/"}]}},"_links":{"self":[{"href":"https:\/\/toutesnosenergies.fr\/index.php\/wp-json\/wp\/v2\/posts\/8464","targetHints":{"allow":["GET"]}}],"collection":[{"href":"https:\/\/toutesnosenergies.fr\/index.php\/wp-json\/wp\/v2\/posts"}],"about":[{"href":"https:\/\/toutesnosenergies.fr\/index.php\/wp-json\/wp\/v2\/types\/post"}],"author":[{"embeddable":true,"href":"https:\/\/toutesnosenergies.fr\/index.php\/wp-json\/wp\/v2\/users\/3"}],"replies":[{"embeddable":true,"href":"https:\/\/toutesnosenergies.fr\/index.php\/wp-json\/wp\/v2\/comments?post=8464"}],"version-history":[{"count":5,"href":"https:\/\/toutesnosenergies.fr\/index.php\/wp-json\/wp\/v2\/posts\/8464\/revisions"}],"predecessor-version":[{"id":8473,"href":"https:\/\/toutesnosenergies.fr\/index.php\/wp-json\/wp\/v2\/posts\/8464\/revisions\/8473"}],"wp:attachment":[{"href":"https:\/\/toutesnosenergies.fr\/index.php\/wp-json\/wp\/v2\/media?parent=8464"}],"wp:term":[{"taxonomy":"category","embeddable":true,"href":"https:\/\/toutesnosenergies.fr\/index.php\/wp-json\/wp\/v2\/categories?post=8464"},{"taxonomy":"post_tag","embeddable":true,"href":"https:\/\/toutesnosenergies.fr\/index.php\/wp-json\/wp\/v2\/tags?post=8464"}],"curies":[{"name":"wp","href":"https:\/\/api.w.org\/{rel}","templated":true}]}}