{"id":8677,"date":"2022-10-03T16:46:28","date_gmt":"2022-10-03T14:46:28","guid":{"rendered":"https:\/\/toutesnosenergies.fr\/?p=8677"},"modified":"2022-10-03T16:46:34","modified_gmt":"2022-10-03T14:46:34","slug":"une-nouvelle-association-lapect","status":"publish","type":"post","link":"https:\/\/toutesnosenergies.fr\/index.php\/2022\/10\/03\/une-nouvelle-association-lapect\/","title":{"rendered":"Une nouvelle association l&rsquo;APECT"},"content":{"rendered":"<div class=\"wp-block-image\">\n<figure class=\"alignleft size-full is-resized\"><img loading=\"lazy\" decoding=\"async\" src=\"https:\/\/toutesnosenergies.fr\/wp-content\/uploads\/2022\/10\/Logo_APECT_RGB1-1.png\" alt=\"\" class=\"wp-image-8680\" width=\"173\" height=\"206\" srcset=\"https:\/\/toutesnosenergies.fr\/wp-content\/uploads\/2022\/10\/Logo_APECT_RGB1-1.png 460w, https:\/\/toutesnosenergies.fr\/wp-content\/uploads\/2022\/10\/Logo_APECT_RGB1-1-252x300.png 252w\" sizes=\"auto, (max-width: 173px) 100vw, 173px\" \/><\/figure>\n<\/div>\n\n\n<h2 class=\"wp-block-heading\">Association Protection Environnement <br>des Coteaux du Tarn<\/h2>\n\n\n\n<p>L&rsquo;association APECT est situ\u00e9e dans le Tarn, 1620 chemin de la Caisi\u00e8re 81630&nbsp;Montvalen, en limite du 31 et du 82.&nbsp;<\/p>\n\n\n\n<p>En octobre 2021 nous avons vu s&rsquo;\u00e9riger un mat de mesures pour un projet de parc industriel \u00e9olien sur le domaine priv\u00e9 de la For\u00eat sur la commune de Villemur-sur-Tarn (31), install\u00e9 pour un an (fin de l&rsquo;\u00e9tude en octobre prochain)<\/p>\n\n\n\n<p>Projet port\u00e9 par Voltalia. 5 \u00e0 8 \u00e9oliennes de 180 \u00e0 200m de haut \u00e0 500m d&rsquo;une centaine d&rsquo;habitations.&nbsp;<\/p>\n\n\n\n<p>Cette \u00e9tude a vu le jour car la commune de Villemur a donn\u00e9 son accord lors d&rsquo;un conseil municipal en d\u00e9cembre 2020, sans consulter les communes alentours et sans pr\u00e9venir qui que ce soit.&nbsp;<\/p>\n\n\n\n<p>Notre association a donc \u00e9t\u00e9 cr\u00e9\u00e9e fin 2021 pour lutter contre ce projet et tout autre qui voudrait s&rsquo;installer sur nos coteaux \u00e0 proximit\u00e9 de nos habitations.<\/p>\n\n\n\n<p>Nous avons inform\u00e9 la population avec plusieurs tracts et une r\u00e9union publique en f\u00e9vrier dernier. Nous avons publi\u00e9 des articles dans la presse La D\u00e9p\u00eache Tarn et Haute-Garonne. Nous avons propos\u00e9 une motion contre toute implantation d&rsquo;\u00e9oliennes que plus de 10 communes alentours sur 3 d\u00e9partements ont sign\u00e9 dont 5 communes faisant partie des 9 communes que compte la ComCom de Val Aigo dont fait partie Villemur.&nbsp;<\/p>\n\n\n\n<p>Nous avons rencontr\u00e9 des \u00e9lus, des d\u00e9put\u00e9s, s\u00e9nateurs, pr\u00e9fets qui sont tous convaincus du bien fond\u00e9 de notre combat et qui nous soutiennent dans nos actions.&nbsp;<\/p>\n\n\n<div class=\"wp-block-image\">\n<figure class=\"aligncenter size-full is-resized\"><img loading=\"lazy\" decoding=\"async\" src=\"https:\/\/toutesnosenergies.fr\/wp-content\/uploads\/2022\/10\/Incrustation-paysagere-Domaine-de-la-Foret-Vue-Montvalen-Zoom-40.jpg\" alt=\"\" class=\"wp-image-8681\" width=\"479\" height=\"331\" srcset=\"https:\/\/toutesnosenergies.fr\/wp-content\/uploads\/2022\/10\/Incrustation-paysagere-Domaine-de-la-Foret-Vue-Montvalen-Zoom-40.jpg 878w, https:\/\/toutesnosenergies.fr\/wp-content\/uploads\/2022\/10\/Incrustation-paysagere-Domaine-de-la-Foret-Vue-Montvalen-Zoom-40-300x207.jpg 300w, https:\/\/toutesnosenergies.fr\/wp-content\/uploads\/2022\/10\/Incrustation-paysagere-Domaine-de-la-Foret-Vue-Montvalen-Zoom-40-768x530.jpg 768w\" sizes=\"auto, (max-width: 479px) 100vw, 479px\" \/><figcaption>Photo montage r\u00e9alis\u00e9e \u00e0 l&rsquo;\u00e9chelle sur nos coteaux <br>pour donner un aper\u00e7u de l&rsquo;\u00e9normit\u00e9 du projet<\/figcaption><\/figure>\n<\/div>\n\n\n<p class=\"has-background\" style=\"background-color:#eeee96\">Aujourd&rsquo;hui, nous n&rsquo;avons que tr\u00e8s peu d&rsquo;information quant \u00e0 l&rsquo;avanc\u00e9e du projet. Notre but est simple : que l&rsquo;\u00e9tude prenne fin, que le m\u00e2t de mesure de 100m de haut soit d\u00e9mont\u00e9 et que le projet soit tout simplement abandonn\u00e9 et ce de fa\u00e7on d\u00e9finitive.&nbsp;<\/p>\n\n\n\n<p><a href=\"https:\/\/toutesnosenergies.fr\/wp-content\/uploads\/2022\/10\/Tract-n\u00b03_V2.pdf\">Voici le tract <\/a>que nous venons de diffuser. Ainsi que <a href=\"https:\/\/toutesnosenergies.fr\/wp-content\/uploads\/2022\/10\/Depeche_HG_juin22.pdf\" target=\"_blank\" rel=\"noreferrer noopener\">l&rsquo;article de la D\u00e9p\u00eache de Haute-Garonne <\/a>et le lien vers celui de la D\u00e9p\u00eache Tarn :&nbsp;<a rel=\"noreferrer noopener\" href=\"https:\/\/www.ladepeche.fr\/2022\/07\/26\/les-eoliennes-de-villemur-font-du-vent-a-montvalen-10456114.php\" target=\"_blank\">https:\/\/www.ladepeche.fr\/2022\/07\/26\/les-eoliennes-de-villemur-font-du-vent-a-montvalen-10456114.php<\/a><\/p>\n\n\n\n<p><strong>Le collectif Toutes Nos \u00c9nergies &#8211; Occitanie Environnement assure la nouvelle associaient APECT de son soutien et l&rsquo;invite \u00e0 participer aux r\u00e9unions du collectif.&nbsp;<\/strong><\/p>\n","protected":false},"excerpt":{"rendered":"<p>Association Protection Environnement des Coteaux du Tarn L&rsquo;association APECT est situ\u00e9e dans le Tarn, 1620 chemin de la Caisi\u00e8re 81630&nbsp;Montvalen, en limite du 31 et du 82.&nbsp; En octobre 2021 nous avons vu s&rsquo;\u00e9riger un mat de mesures pour un projet de parc industriel \u00e9olien sur le domaine priv\u00e9 de la For\u00eat sur la commune &#8230; <a title=\"Une nouvelle association l&rsquo;APECT\" class=\"read-more\" href=\"https:\/\/toutesnosenergies.fr\/index.php\/2022\/10\/03\/une-nouvelle-association-lapect\/\" aria-label=\"Plus sur Une nouvelle association l&rsquo;APECT\">Lire plus<\/a><\/p>\n","protected":false},"author":3,"featured_media":0,"comment_status":"open","ping_status":"open","sticky":false,"template":"","format":"standard","meta":{"_cbd_carousel_blocks":"[]","sfsi_plus_gutenberg_text_before_share":"","sfsi_plus_gutenberg_show_text_before_share":"","sfsi_plus_gutenberg_icon_type":"","sfsi_plus_gutenberg_icon_alignemt":"","sfsi_plus_gutenburg_max_per_row":"","footnotes":""},"categories":[8],"tags":[],"class_list":["post-8677","post","type-post","status-publish","format-standard","hentry","category-communiques-associations"],"yoast_head":"<!-- This site is optimized with the Yoast SEO plugin v27.5 - https:\/\/yoast.com\/product\/yoast-seo-wordpress\/ -->\n<title>Une nouvelle association l&#039;APECT - Toutes Nos \u00c9nergies \u2013 Occitanie Environnement<\/title>\n<meta name=\"robots\" content=\"index, follow, max-snippet:-1, max-image-preview:large, max-video-preview:-1\" \/>\n<link rel=\"canonical\" href=\"https:\/\/toutesnosenergies.fr\/index.php\/2022\/10\/03\/une-nouvelle-association-lapect\/\" \/>\n<meta property=\"og:locale\" content=\"fr_FR\" \/>\n<meta property=\"og:type\" content=\"article\" \/>\n<meta property=\"og:title\" content=\"Une nouvelle association l&#039;APECT - Toutes Nos \u00c9nergies \u2013 Occitanie Environnement\" \/>\n<meta property=\"og:description\" content=\"Association Protection Environnement des Coteaux du Tarn L&rsquo;association APECT est situ\u00e9e dans le Tarn, 1620 chemin de la Caisi\u00e8re 81630&nbsp;Montvalen, en limite du 31 et du 82.&nbsp; En octobre 2021 nous avons vu s&rsquo;\u00e9riger un mat de mesures pour un projet de parc industriel \u00e9olien sur le domaine priv\u00e9 de la For\u00eat sur la commune ... Lire plus\" \/>\n<meta property=\"og:url\" content=\"https:\/\/toutesnosenergies.fr\/index.php\/2022\/10\/03\/une-nouvelle-association-lapect\/\" \/>\n<meta property=\"og:site_name\" content=\"Toutes Nos \u00c9nergies \u2013 Occitanie Environnement\" \/>\n<meta property=\"article:publisher\" content=\"https:\/\/www.facebook.com\/TNEtoutesnosenergiesOccitanieEnvironnement\" \/>\n<meta property=\"article:published_time\" content=\"2022-10-03T14:46:28+00:00\" \/>\n<meta property=\"article:modified_time\" content=\"2022-10-03T14:46:34+00:00\" \/>\n<meta property=\"og:image\" content=\"https:\/\/toutesnosenergies.fr\/wp-content\/uploads\/2022\/10\/Logo_APECT_RGB1-1.png\" \/>\n<meta name=\"author\" content=\"WM81\" \/>\n<meta name=\"twitter:card\" content=\"summary_large_image\" \/>\n<meta name=\"twitter:label1\" content=\"\u00c9crit par\" \/>\n\t<meta name=\"twitter:data1\" content=\"WM81\" \/>\n\t<meta name=\"twitter:label2\" content=\"Dur\u00e9e de lecture estim\u00e9e\" \/>\n\t<meta name=\"twitter:data2\" content=\"2 minutes\" \/>\n<script type=\"application\/ld+json\" class=\"yoast-schema-graph\">{\"@context\":\"https:\\\/\\\/schema.org\",\"@graph\":[{\"@type\":\"Article\",\"@id\":\"https:\\\/\\\/toutesnosenergies.fr\\\/index.php\\\/2022\\\/10\\\/03\\\/une-nouvelle-association-lapect\\\/#article\",\"isPartOf\":{\"@id\":\"https:\\\/\\\/toutesnosenergies.fr\\\/index.php\\\/2022\\\/10\\\/03\\\/une-nouvelle-association-lapect\\\/\"},\"author\":{\"name\":\"WM81\",\"@id\":\"https:\\\/\\\/toutesnosenergies.fr\\\/#\\\/schema\\\/person\\\/83b429b7810ce59e0a21afb7e0b3cb1c\"},\"headline\":\"Une nouvelle association l&rsquo;APECT\",\"datePublished\":\"2022-10-03T14:46:28+00:00\",\"dateModified\":\"2022-10-03T14:46:34+00:00\",\"mainEntityOfPage\":{\"@id\":\"https:\\\/\\\/toutesnosenergies.fr\\\/index.php\\\/2022\\\/10\\\/03\\\/une-nouvelle-association-lapect\\\/\"},\"wordCount\":383,\"commentCount\":3,\"publisher\":{\"@id\":\"https:\\\/\\\/toutesnosenergies.fr\\\/#organization\"},\"image\":{\"@id\":\"https:\\\/\\\/toutesnosenergies.fr\\\/index.php\\\/2022\\\/10\\\/03\\\/une-nouvelle-association-lapect\\\/#primaryimage\"},\"thumbnailUrl\":\"https:\\\/\\\/toutesnosenergies.fr\\\/wp-content\\\/uploads\\\/2022\\\/10\\\/Logo_APECT_RGB1-1.png\",\"articleSection\":[\"Communiqu\u00e9s des associations\"],\"inLanguage\":\"fr-FR\",\"potentialAction\":[{\"@type\":\"CommentAction\",\"name\":\"Comment\",\"target\":[\"https:\\\/\\\/toutesnosenergies.fr\\\/index.php\\\/2022\\\/10\\\/03\\\/une-nouvelle-association-lapect\\\/#respond\"]}]},{\"@type\":\"WebPage\",\"@id\":\"https:\\\/\\\/toutesnosenergies.fr\\\/index.php\\\/2022\\\/10\\\/03\\\/une-nouvelle-association-lapect\\\/\",\"url\":\"https:\\\/\\\/toutesnosenergies.fr\\\/index.php\\\/2022\\\/10\\\/03\\\/une-nouvelle-association-lapect\\\/\",\"name\":\"Une nouvelle association l'APECT - Toutes Nos \u00c9nergies \u2013 Occitanie Environnement\",\"isPartOf\":{\"@id\":\"https:\\\/\\\/toutesnosenergies.fr\\\/#website\"},\"primaryImageOfPage\":{\"@id\":\"https:\\\/\\\/toutesnosenergies.fr\\\/index.php\\\/2022\\\/10\\\/03\\\/une-nouvelle-association-lapect\\\/#primaryimage\"},\"image\":{\"@id\":\"https:\\\/\\\/toutesnosenergies.fr\\\/index.php\\\/2022\\\/10\\\/03\\\/une-nouvelle-association-lapect\\\/#primaryimage\"},\"thumbnailUrl\":\"https:\\\/\\\/toutesnosenergies.fr\\\/wp-content\\\/uploads\\\/2022\\\/10\\\/Logo_APECT_RGB1-1.png\",\"datePublished\":\"2022-10-03T14:46:28+00:00\",\"dateModified\":\"2022-10-03T14:46:34+00:00\",\"breadcrumb\":{\"@id\":\"https:\\\/\\\/toutesnosenergies.fr\\\/index.php\\\/2022\\\/10\\\/03\\\/une-nouvelle-association-lapect\\\/#breadcrumb\"},\"inLanguage\":\"fr-FR\",\"potentialAction\":[{\"@type\":\"ReadAction\",\"target\":[\"https:\\\/\\\/toutesnosenergies.fr\\\/index.php\\\/2022\\\/10\\\/03\\\/une-nouvelle-association-lapect\\\/\"]}]},{\"@type\":\"ImageObject\",\"inLanguage\":\"fr-FR\",\"@id\":\"https:\\\/\\\/toutesnosenergies.fr\\\/index.php\\\/2022\\\/10\\\/03\\\/une-nouvelle-association-lapect\\\/#primaryimage\",\"url\":\"https:\\\/\\\/toutesnosenergies.fr\\\/wp-content\\\/uploads\\\/2022\\\/10\\\/Logo_APECT_RGB1-1.png\",\"contentUrl\":\"https:\\\/\\\/toutesnosenergies.fr\\\/wp-content\\\/uploads\\\/2022\\\/10\\\/Logo_APECT_RGB1-1.png\",\"width\":460,\"height\":548},{\"@type\":\"BreadcrumbList\",\"@id\":\"https:\\\/\\\/toutesnosenergies.fr\\\/index.php\\\/2022\\\/10\\\/03\\\/une-nouvelle-association-lapect\\\/#breadcrumb\",\"itemListElement\":[{\"@type\":\"ListItem\",\"position\":1,\"name\":\"Accueil\",\"item\":\"https:\\\/\\\/toutesnosenergies.fr\\\/\"},{\"@type\":\"ListItem\",\"position\":2,\"name\":\"Une nouvelle association l&#8217;APECT\"}]},{\"@type\":\"WebSite\",\"@id\":\"https:\\\/\\\/toutesnosenergies.fr\\\/#website\",\"url\":\"https:\\\/\\\/toutesnosenergies.fr\\\/\",\"name\":\"Toutes Nos \u00c9nergies \u2013 Occitanie Environnement\",\"description\":\"Pour une \u00e9nergie respectueuse du vivant et des territoires ruraux en Occitanie\",\"publisher\":{\"@id\":\"https:\\\/\\\/toutesnosenergies.fr\\\/#organization\"},\"potentialAction\":[{\"@type\":\"SearchAction\",\"target\":{\"@type\":\"EntryPoint\",\"urlTemplate\":\"https:\\\/\\\/toutesnosenergies.fr\\\/?s={search_term_string}\"},\"query-input\":{\"@type\":\"PropertyValueSpecification\",\"valueRequired\":true,\"valueName\":\"search_term_string\"}}],\"inLanguage\":\"fr-FR\"},{\"@type\":\"Organization\",\"@id\":\"https:\\\/\\\/toutesnosenergies.fr\\\/#organization\",\"name\":\"Toutes Nos \u00c9nergies \u2013 Occitanie Environnement\",\"url\":\"https:\\\/\\\/toutesnosenergies.fr\\\/\",\"logo\":{\"@type\":\"ImageObject\",\"inLanguage\":\"fr-FR\",\"@id\":\"https:\\\/\\\/toutesnosenergies.fr\\\/#\\\/schema\\\/logo\\\/image\\\/\",\"url\":\"https:\\\/\\\/toutesnosenergies.fr\\\/wp-content\\\/uploads\\\/2023\\\/01\\\/Petit-logo.png\",\"contentUrl\":\"https:\\\/\\\/toutesnosenergies.fr\\\/wp-content\\\/uploads\\\/2023\\\/01\\\/Petit-logo.png\",\"width\":360,\"height\":102,\"caption\":\"Toutes Nos \u00c9nergies \u2013 Occitanie Environnement\"},\"image\":{\"@id\":\"https:\\\/\\\/toutesnosenergies.fr\\\/#\\\/schema\\\/logo\\\/image\\\/\"},\"sameAs\":[\"https:\\\/\\\/www.facebook.com\\\/TNEtoutesnosenergiesOccitanieEnvironnement\"]},{\"@type\":\"Person\",\"@id\":\"https:\\\/\\\/toutesnosenergies.fr\\\/#\\\/schema\\\/person\\\/83b429b7810ce59e0a21afb7e0b3cb1c\",\"name\":\"WM81\",\"image\":{\"@type\":\"ImageObject\",\"inLanguage\":\"fr-FR\",\"@id\":\"https:\\\/\\\/secure.gravatar.com\\\/avatar\\\/aa9bf2bd97a7297274c53294f09e800c7ee0d88290f959d5d49f9380299b9ff1?s=96&d=mm&r=g\",\"url\":\"https:\\\/\\\/secure.gravatar.com\\\/avatar\\\/aa9bf2bd97a7297274c53294f09e800c7ee0d88290f959d5d49f9380299b9ff1?s=96&d=mm&r=g\",\"contentUrl\":\"https:\\\/\\\/secure.gravatar.com\\\/avatar\\\/aa9bf2bd97a7297274c53294f09e800c7ee0d88290f959d5d49f9380299b9ff1?s=96&d=mm&r=g\",\"caption\":\"WM81\"},\"sameAs\":[\"http:\\\/\\\/toutesnosenergies.fr\"],\"url\":\"https:\\\/\\\/toutesnosenergies.fr\\\/index.php\\\/author\\\/wm81\\\/\"}]}<\/script>\n<!-- \/ Yoast SEO plugin. -->","yoast_head_json":{"title":"Une nouvelle association l'APECT - Toutes Nos \u00c9nergies \u2013 Occitanie Environnement","robots":{"index":"index","follow":"follow","max-snippet":"max-snippet:-1","max-image-preview":"max-image-preview:large","max-video-preview":"max-video-preview:-1"},"canonical":"https:\/\/toutesnosenergies.fr\/index.php\/2022\/10\/03\/une-nouvelle-association-lapect\/","og_locale":"fr_FR","og_type":"article","og_title":"Une nouvelle association l'APECT - Toutes Nos \u00c9nergies \u2013 Occitanie Environnement","og_description":"Association Protection Environnement des Coteaux du Tarn L&rsquo;association APECT est situ\u00e9e dans le Tarn, 1620 chemin de la Caisi\u00e8re 81630&nbsp;Montvalen, en limite du 31 et du 82.&nbsp; En octobre 2021 nous avons vu s&rsquo;\u00e9riger un mat de mesures pour un projet de parc industriel \u00e9olien sur le domaine priv\u00e9 de la For\u00eat sur la commune ... Lire plus","og_url":"https:\/\/toutesnosenergies.fr\/index.php\/2022\/10\/03\/une-nouvelle-association-lapect\/","og_site_name":"Toutes Nos \u00c9nergies \u2013 Occitanie Environnement","article_publisher":"https:\/\/www.facebook.com\/TNEtoutesnosenergiesOccitanieEnvironnement","article_published_time":"2022-10-03T14:46:28+00:00","article_modified_time":"2022-10-03T14:46:34+00:00","og_image":[{"url":"https:\/\/toutesnosenergies.fr\/wp-content\/uploads\/2022\/10\/Logo_APECT_RGB1-1.png","type":"","width":"","height":""}],"author":"WM81","twitter_card":"summary_large_image","twitter_misc":{"\u00c9crit par":"WM81","Dur\u00e9e de lecture estim\u00e9e":"2 minutes"},"schema":{"@context":"https:\/\/schema.org","@graph":[{"@type":"Article","@id":"https:\/\/toutesnosenergies.fr\/index.php\/2022\/10\/03\/une-nouvelle-association-lapect\/#article","isPartOf":{"@id":"https:\/\/toutesnosenergies.fr\/index.php\/2022\/10\/03\/une-nouvelle-association-lapect\/"},"author":{"name":"WM81","@id":"https:\/\/toutesnosenergies.fr\/#\/schema\/person\/83b429b7810ce59e0a21afb7e0b3cb1c"},"headline":"Une nouvelle association l&rsquo;APECT","datePublished":"2022-10-03T14:46:28+00:00","dateModified":"2022-10-03T14:46:34+00:00","mainEntityOfPage":{"@id":"https:\/\/toutesnosenergies.fr\/index.php\/2022\/10\/03\/une-nouvelle-association-lapect\/"},"wordCount":383,"commentCount":3,"publisher":{"@id":"https:\/\/toutesnosenergies.fr\/#organization"},"image":{"@id":"https:\/\/toutesnosenergies.fr\/index.php\/2022\/10\/03\/une-nouvelle-association-lapect\/#primaryimage"},"thumbnailUrl":"https:\/\/toutesnosenergies.fr\/wp-content\/uploads\/2022\/10\/Logo_APECT_RGB1-1.png","articleSection":["Communiqu\u00e9s des associations"],"inLanguage":"fr-FR","potentialAction":[{"@type":"CommentAction","name":"Comment","target":["https:\/\/toutesnosenergies.fr\/index.php\/2022\/10\/03\/une-nouvelle-association-lapect\/#respond"]}]},{"@type":"WebPage","@id":"https:\/\/toutesnosenergies.fr\/index.php\/2022\/10\/03\/une-nouvelle-association-lapect\/","url":"https:\/\/toutesnosenergies.fr\/index.php\/2022\/10\/03\/une-nouvelle-association-lapect\/","name":"Une nouvelle association l'APECT - Toutes Nos \u00c9nergies \u2013 Occitanie Environnement","isPartOf":{"@id":"https:\/\/toutesnosenergies.fr\/#website"},"primaryImageOfPage":{"@id":"https:\/\/toutesnosenergies.fr\/index.php\/2022\/10\/03\/une-nouvelle-association-lapect\/#primaryimage"},"image":{"@id":"https:\/\/toutesnosenergies.fr\/index.php\/2022\/10\/03\/une-nouvelle-association-lapect\/#primaryimage"},"thumbnailUrl":"https:\/\/toutesnosenergies.fr\/wp-content\/uploads\/2022\/10\/Logo_APECT_RGB1-1.png","datePublished":"2022-10-03T14:46:28+00:00","dateModified":"2022-10-03T14:46:34+00:00","breadcrumb":{"@id":"https:\/\/toutesnosenergies.fr\/index.php\/2022\/10\/03\/une-nouvelle-association-lapect\/#breadcrumb"},"inLanguage":"fr-FR","potentialAction":[{"@type":"ReadAction","target":["https:\/\/toutesnosenergies.fr\/index.php\/2022\/10\/03\/une-nouvelle-association-lapect\/"]}]},{"@type":"ImageObject","inLanguage":"fr-FR","@id":"https:\/\/toutesnosenergies.fr\/index.php\/2022\/10\/03\/une-nouvelle-association-lapect\/#primaryimage","url":"https:\/\/toutesnosenergies.fr\/wp-content\/uploads\/2022\/10\/Logo_APECT_RGB1-1.png","contentUrl":"https:\/\/toutesnosenergies.fr\/wp-content\/uploads\/2022\/10\/Logo_APECT_RGB1-1.png","width":460,"height":548},{"@type":"BreadcrumbList","@id":"https:\/\/toutesnosenergies.fr\/index.php\/2022\/10\/03\/une-nouvelle-association-lapect\/#breadcrumb","itemListElement":[{"@type":"ListItem","position":1,"name":"Accueil","item":"https:\/\/toutesnosenergies.fr\/"},{"@type":"ListItem","position":2,"name":"Une nouvelle association l&#8217;APECT"}]},{"@type":"WebSite","@id":"https:\/\/toutesnosenergies.fr\/#website","url":"https:\/\/toutesnosenergies.fr\/","name":"Toutes Nos \u00c9nergies \u2013 Occitanie Environnement","description":"Pour une \u00e9nergie respectueuse du vivant et des territoires ruraux en Occitanie","publisher":{"@id":"https:\/\/toutesnosenergies.fr\/#organization"},"potentialAction":[{"@type":"SearchAction","target":{"@type":"EntryPoint","urlTemplate":"https:\/\/toutesnosenergies.fr\/?s={search_term_string}"},"query-input":{"@type":"PropertyValueSpecification","valueRequired":true,"valueName":"search_term_string"}}],"inLanguage":"fr-FR"},{"@type":"Organization","@id":"https:\/\/toutesnosenergies.fr\/#organization","name":"Toutes Nos \u00c9nergies \u2013 Occitanie Environnement","url":"https:\/\/toutesnosenergies.fr\/","logo":{"@type":"ImageObject","inLanguage":"fr-FR","@id":"https:\/\/toutesnosenergies.fr\/#\/schema\/logo\/image\/","url":"https:\/\/toutesnosenergies.fr\/wp-content\/uploads\/2023\/01\/Petit-logo.png","contentUrl":"https:\/\/toutesnosenergies.fr\/wp-content\/uploads\/2023\/01\/Petit-logo.png","width":360,"height":102,"caption":"Toutes Nos \u00c9nergies \u2013 Occitanie Environnement"},"image":{"@id":"https:\/\/toutesnosenergies.fr\/#\/schema\/logo\/image\/"},"sameAs":["https:\/\/www.facebook.com\/TNEtoutesnosenergiesOccitanieEnvironnement"]},{"@type":"Person","@id":"https:\/\/toutesnosenergies.fr\/#\/schema\/person\/83b429b7810ce59e0a21afb7e0b3cb1c","name":"WM81","image":{"@type":"ImageObject","inLanguage":"fr-FR","@id":"https:\/\/secure.gravatar.com\/avatar\/aa9bf2bd97a7297274c53294f09e800c7ee0d88290f959d5d49f9380299b9ff1?s=96&d=mm&r=g","url":"https:\/\/secure.gravatar.com\/avatar\/aa9bf2bd97a7297274c53294f09e800c7ee0d88290f959d5d49f9380299b9ff1?s=96&d=mm&r=g","contentUrl":"https:\/\/secure.gravatar.com\/avatar\/aa9bf2bd97a7297274c53294f09e800c7ee0d88290f959d5d49f9380299b9ff1?s=96&d=mm&r=g","caption":"WM81"},"sameAs":["http:\/\/toutesnosenergies.fr"],"url":"https:\/\/toutesnosenergies.fr\/index.php\/author\/wm81\/"}]}},"_links":{"self":[{"href":"https:\/\/toutesnosenergies.fr\/index.php\/wp-json\/wp\/v2\/posts\/8677","targetHints":{"allow":["GET"]}}],"collection":[{"href":"https:\/\/toutesnosenergies.fr\/index.php\/wp-json\/wp\/v2\/posts"}],"about":[{"href":"https:\/\/toutesnosenergies.fr\/index.php\/wp-json\/wp\/v2\/types\/post"}],"author":[{"embeddable":true,"href":"https:\/\/toutesnosenergies.fr\/index.php\/wp-json\/wp\/v2\/users\/3"}],"replies":[{"embeddable":true,"href":"https:\/\/toutesnosenergies.fr\/index.php\/wp-json\/wp\/v2\/comments?post=8677"}],"version-history":[{"count":4,"href":"https:\/\/toutesnosenergies.fr\/index.php\/wp-json\/wp\/v2\/posts\/8677\/revisions"}],"predecessor-version":[{"id":8689,"href":"https:\/\/toutesnosenergies.fr\/index.php\/wp-json\/wp\/v2\/posts\/8677\/revisions\/8689"}],"wp:attachment":[{"href":"https:\/\/toutesnosenergies.fr\/index.php\/wp-json\/wp\/v2\/media?parent=8677"}],"wp:term":[{"taxonomy":"category","embeddable":true,"href":"https:\/\/toutesnosenergies.fr\/index.php\/wp-json\/wp\/v2\/categories?post=8677"},{"taxonomy":"post_tag","embeddable":true,"href":"https:\/\/toutesnosenergies.fr\/index.php\/wp-json\/wp\/v2\/tags?post=8677"}],"curies":[{"name":"wp","href":"https:\/\/api.w.org\/{rel}","templated":true}]}}