{"id":8812,"date":"2022-11-07T17:52:31","date_gmt":"2022-11-07T16:52:31","guid":{"rendered":"https:\/\/toutesnosenergies.fr\/?p=8812"},"modified":"2022-11-07T18:06:40","modified_gmt":"2022-11-07T17:06:40","slug":"le-livre-sur-les-energies-renouvelables-lenergie-hydroelectrique","status":"publish","type":"post","link":"https:\/\/toutesnosenergies.fr\/index.php\/2022\/11\/07\/le-livre-sur-les-energies-renouvelables-lenergie-hydroelectrique\/","title":{"rendered":"Le livre sur les \u00e9nergies renouvelables (l&rsquo;\u00e9nergie hydro\u00e9lectrique)"},"content":{"rendered":"\n<p class=\"has-light-gray-background-color has-background\">Une \u00e9tape suppl\u00e9mentaire de  la publication en ligne de l&rsquo;ouvrage consacr\u00e9 aux \u00e9nergies renouvelables. R\u00e9dig\u00e9 par la commission \u00e9nergie du collectif Toutes Nos \u00c9nergies &#8211; Occitanie Environnement, il est coordonn\u00e9 par Marcel Caron. <br>Plusieurs d&rsquo;entre vous ont d\u00e9j\u00e0 fait des remarques et des commentaires. Merci de votre int\u00e9r\u00eat et de vos suggestions. Les auteurs en tiendront compte et les int\u00e8greront dans la version finale. <\/p>\n\n\n\n<p class=\"has-background\" style=\"background-color:#8bb5df\">Voici la deuxi\u00e8me partie du chapitre sur les \u00e9nergies&nbsp;<strong>pilotables&nbsp;<\/strong>:&nbsp; l&rsquo;\u00e9nergie <strong><font color=\"#000000\"><span style=\"caret-color: rgb(0, 0, 0);\"><b>hydro\u00e9lectriqu<\/b><\/span><\/font>e<\/strong> qui est per\u00e7ue favorablement dans l\u2019opinion qui se souvient peu des impacts sociaux et environnementaux du pass\u00e9.&nbsp; (<a href=\"https:\/\/toutesnosenergies.fr\/wp-content\/uploads\/2022\/10\/Livre_EnR_hydroelectricite.pdf\" target=\"_blank\" rel=\"noreferrer noopener\">PDF<\/a>)<\/p>\n\n\n\n<h1 class=\"wp-block-heading\">Chapitre 3 Les \u00e9nergies renouvelables pilotables<\/h1>\n\n\n\n<h1 class=\"wp-block-heading\"><a href=\"https:\/\/toutesnosenergies.fr\/wp-content\/uploads\/2022\/10\/Livre_EnR_hydroelectricite.pdf\">2i\u00e8me partie\u00a0 L\u2019\u00e9nergie hydro\u00e9lectrique<\/a><\/h1>\n\n\n\n<p>L\u2019hydro\u00e9lectricit\u00e9 est per\u00e7ue favorablement dans l\u2019opinion qui se souvient peu des impacts sociaux et environnementaux du pass\u00e9.&nbsp;<\/p>\n\n\n\n<p><strong>L&rsquo;\u00e9nergie hydro\u00e9lectrique<\/strong>, ou&nbsp;hydro\u00e9lectricit\u00e9, est une&nbsp;<a href=\"https:\/\/fr.wikipedia.org\/wiki\/%25C3%2589nergie_%25C3%25A9lectrique\">\u00e9nergie <\/a>&nbsp;<a href=\"https:\/\/fr.wikipedia.org\/wiki\/%25C3%2589nergie_renouvelable\">renouvelable<\/a>&nbsp;qui est issue de la conversion de l&rsquo;<a href=\"https:\/\/fr.wikipedia.org\/wiki\/%25C3%2589nergie_hydraulique\">\u00e9nergie hydraulique<\/a>&nbsp;en&nbsp;<a href=\"https:\/\/fr.wikipedia.org\/wiki\/%25C3%2589lectricit%25C3%25A9\">\u00e9lectricit\u00e9<\/a>. L&rsquo;<a href=\"https:\/\/fr.wikipedia.org\/wiki\/%25C3%2589nergie_cin%25C3%25A9tique\">\u00e9nergie cin\u00e9tique<\/a>&nbsp;du courant d&rsquo;eau, naturel ou g\u00e9n\u00e9r\u00e9 par la diff\u00e9rence de niveau, est transform\u00e9e en&nbsp;<a href=\"https:\/\/fr.wikipedia.org\/wiki\/%25C3%2589nergie_m%25C3%25A9canique\">\u00e9nergie m\u00e9canique<\/a>&nbsp;par une&nbsp;<a href=\"https:\/\/fr.wikipedia.org\/wiki\/Turbine_hydraulique\">turbine hydraulique<\/a>, puis en&nbsp;<a href=\"https:\/\/fr.wikipedia.org\/wiki\/%25C3%2589nergie_%25C3%25A9lectrique\">\u00e9nergie \u00e9lectrique<\/a> (\u00e9nergie finale)&nbsp;par une&nbsp;<a href=\"https:\/\/fr.wikipedia.org\/wiki\/G%25C3%25A9n%25C3%25A9rateur_%25C3%25A9lectrique#Alternateur\">g\u00e9n\u00e9ratrice \u00e9lectrique synchrone<\/a>.<\/p>\n\n\n\n<p>En 2017, l\u2019\u00e9nergie hydro\u00e9lectrique repr\u00e9sentait 16,6&nbsp;% de la&nbsp;<a href=\"https:\/\/fr.wikipedia.org\/wiki\/Production_d'%25C3%25A9lectricit%25C3%25A9#Aper%25C3%25A7u_g%25C3%25A9n%25C3%25A9ral\">production mondiale d\u2019\u00e9lectricit\u00e9<\/a>&nbsp;; elle poss\u00e8de de nombreux atouts&nbsp;: Cette&nbsp; \u00e9nergie renouvelable, d&rsquo;un faible&nbsp;<a href=\"https:\/\/fr.wikipedia.org\/wiki\/Co%25C3%25BBt_d'exploitation\">co\u00fbt d&rsquo;exploitation<\/a> est responsable de la plus&nbsp; faible \u00e9mission de&nbsp;<a href=\"https:\/\/fr.wikipedia.org\/wiki\/Gaz_%25C3%25A0_effet_de_serre\">gaz \u00e0 effet de serre<\/a> de toutes les EnR&nbsp;; la capacit\u00e9 de stockage de ses r\u00e9servoirs permet de compenser les variations de la demande ainsi que celles des \u00e9nergies intermittentes. Les installations hydro\u00e9lectriques ne sont pas destin\u00e9es \u00e0 la seule production d&rsquo;\u00e9nergie mais permettent d&rsquo;autres usages, tels que l&rsquo;alimentation en eau potable, l&rsquo;irrigation des terres agricoles ou la navigation marchande ou r\u00e9cr\u00e9ative.<\/p>\n\n\n\n<p>Elles pr\u00e9sentent toutefois des&nbsp;<a href=\"https:\/\/fr.wikipedia.org\/wiki\/Impact_environnemental_des_barrages\">impacts sociaux et environnementaux<\/a> \u00e0 la construction &nbsp;: d\u00e9placements de&nbsp;<a href=\"https:\/\/fr.wikipedia.org\/wiki\/Population\">population<\/a>, \u00e9ventuellement&nbsp;<a href=\"https:\/\/fr.wikipedia.org\/wiki\/Inondation\">inondations<\/a>&nbsp;de&nbsp;<a href=\"https:\/\/fr.wikipedia.org\/wiki\/Terre_arable\">terres agricoles<\/a>, modifications des&nbsp;<a href=\"https:\/\/fr.wikipedia.org\/wiki\/%25C3%2589cosyst%25C3%25A8me\">\u00e9cosyst\u00e8mes<\/a>&nbsp;aquatique et terrestre, blocage des&nbsp;<a href=\"https:\/\/fr.wikipedia.org\/wiki\/Alluvion\">alluvions<\/a>,&nbsp;etc\u2026 Et si les risques d\u2019accidents sont minimes,&nbsp; ils peuvent \u00eatre tr\u00e8s dangereux. D\u2019autres inconv\u00e9nients peuvent \u00eatre&nbsp; les conflits d\u2019usages entre l\u2019hydro\u00e9lectricit\u00e9 et le tourisme nautique, ou la perte des possibilit\u00e9s d\u2019irrigation en aval des barrages \u2026<\/p>\n\n\n\n<p><strong>Ses formes de production principales&nbsp;: <\/strong>&nbsp;<\/p>\n\n\n\n<ul class=\"wp-block-list\">\n<li>les <strong>centrales dites gravitaires<\/strong>, ainsi nomm\u00e9es car les apports d&rsquo;eau dans leur r\u00e9servoir ou leur prise d&rsquo;eau sont essentiellement issus de cours d&rsquo;eau par gravitation, telles que les&nbsp;<a href=\"https:\/\/fr.wikipedia.org\/wiki\/Hydro%25C3%25A9lectricit%25C3%25A9_au_fil_de_l'eau\">centrales au fil de l&rsquo;eau<\/a>&nbsp;ou les&nbsp;centrales hydro\u00e9lectriques de lac&nbsp;;<\/li>\n\n\n\n<li>les <strong>stations de transfert d&rsquo;\u00e9nergie par pompage<\/strong> (S-T-E-P), aussi connues sous l&rsquo;appellation \u00ab&nbsp;centrales hydrauliques \u00e0 r\u00e9serve pomp\u00e9e&nbsp;\u00bb ou \u00ab&nbsp;centrale de&nbsp;<a href=\"https:\/\/fr.wikipedia.org\/wiki\/Pompage-turbinage\">pompage-turbinage<\/a>&nbsp;\u00bb, dans lesquelles des turbines r\u00e9versibles pompent l&rsquo;eau d&rsquo;un bassin inf\u00e9rieur vers un bassin sup\u00e9rieur (pompage durant le creux de la demande \u00e0 partir d&rsquo;\u00e9lectricit\u00e9 produite par des \u00e9quipements de base)\u2026 (NDLR&nbsp;: ce qui a pour avantage de rendre \u00e0 nouveau l\u2019eau disponible pour la production d\u2019\u00e9lectricit\u00e9).&nbsp; Le pompage-turbinage peut aussi se faire dans des conduites s\u00e9par\u00e9es comme dans le cas d\u2019esp\u00e8ce ci-dessous.<\/li>\n<\/ul>\n\n\n\n<figure class=\"wp-block-image size-large\"><img loading=\"lazy\" decoding=\"async\" width=\"1024\" height=\"453\" src=\"https:\/\/toutesnosenergies.fr\/wp-content\/uploads\/2022\/11\/Capture-decran-2022-11-07-a-17.39.37-1024x453.png\" alt=\"\" class=\"wp-image-8814\" srcset=\"https:\/\/toutesnosenergies.fr\/wp-content\/uploads\/2022\/11\/Capture-decran-2022-11-07-a-17.39.37-1024x453.png 1024w, https:\/\/toutesnosenergies.fr\/wp-content\/uploads\/2022\/11\/Capture-decran-2022-11-07-a-17.39.37-300x133.png 300w, https:\/\/toutesnosenergies.fr\/wp-content\/uploads\/2022\/11\/Capture-decran-2022-11-07-a-17.39.37-768x340.png 768w, https:\/\/toutesnosenergies.fr\/wp-content\/uploads\/2022\/11\/Capture-decran-2022-11-07-a-17.39.37.png 1058w\" sizes=\"auto, (max-width: 1024px) 100vw, 1024px\" \/><\/figure>\n\n\n\n<ul class=\"wp-block-list\">\n<li>les <strong>usines mar\u00e9motrices<\/strong>, qui utilisent l&rsquo;\u00e9nergie du mouvement des mers, qu&rsquo;il s&rsquo;agisse du flux altern\u00e9 des mar\u00e9es (mar\u00e9motrice au sens strict), des&nbsp;<a href=\"https:\/\/fr.wikipedia.org\/wiki\/Courant_marin\">courants marins<\/a> permanents (<a href=\"https:\/\/fr.wikipedia.org\/wiki\/Hydrolienne\">hydroliennes<\/a>&nbsp;au sens strict) ou du mouvement des&nbsp;<a href=\"https:\/\/fr.wikipedia.org\/wiki\/Vague\">vagues<\/a>.<\/li>\n<\/ul>\n\n\n\n<p><strong>La proportion d&rsquo;\u00e9nergie hydro\u00e9lectrique produite<\/strong> est moindre que celle de la puissance install\u00e9e (voir ci-dessous).<\/p>\n\n\n\n<p>&nbsp;Elle repr\u00e9sente 16 % de la production \u00e9lectrique mondiale en 2015 (contre 20,9&nbsp;% en 1973).&nbsp;Pr\u00e9cisons aussi que pour la France, la production hydro\u00e9lectrique atteint 63,8 TWh en 2012, soit 11,8% de la production totale d\u2019\u00e9lectricit\u00e9. En fin 2012, la puissance install\u00e9e \u00e9tait de 25,4 GW, ce qui repr\u00e9sente 20% des capacit\u00e9s \u00e9lectriques fran\u00e7aises.<\/p>\n\n\n\n<p>La France s\u2019est donn\u00e9 pour objectif (dans le cadre du&nbsp;Grenelle Environnement), d\u2019accro\u00eetre la production de 5 TWh d\u2019ici \u00e0 2020 et d\u2019augmenter les moyens de pointe de 3&nbsp;000 MW.&nbsp;<\/p>\n\n\n\n<p><strong>Objectifs quantitatifs&nbsp;et orientations&nbsp;fix\u00e9s&nbsp;par la Programmation Plurianuelle de l\u2019\u00c9nergie (PPE).&nbsp;<\/strong><\/p>\n\n\n\n<ul class=\"wp-block-list\">\n<li><strong>Augmenter<\/strong>&nbsp;la capacit\u00e9 de production hydro\u00e9lectrique&nbsp;<strong>de 500 \u00e0 750 MW<\/strong>&nbsp;et la production de&nbsp;<strong>2 \u00e0 3 TWh&nbsp;d\u2019ici 2023<\/strong>.<\/li>\n\n\n\n<li><strong>Pr\u00e9server<\/strong>&nbsp;la capacit\u00e9 de&nbsp;<strong>flexibilit\u00e9<\/strong>&nbsp;de&nbsp;l\u2019hydro\u00e9lectricit\u00e9, essentielle pour contribuer \u00e0 la flexibilit\u00e9 du syst\u00e8me \u00e9lectrique et faciliter&nbsp;l\u2019int\u00e9gration de capacit\u00e9s accrues&nbsp;d\u2019\u00e9nergies renouvelables.<\/li>\n\n\n\n<li>\u00c9valuer&nbsp;les pertes de production li\u00e9es aux actions de r\u00e9tablissement de la continuit\u00e9 \u00e9cologique et optimiser autant que possible la<strong>&nbsp;conciliation des enjeux de pr\u00e9servation des milieux<\/strong>&nbsp;et de production d\u2019\u00e9nergie renouvelable.<\/li>\n\n\n\n<li>Relancer le d\u00e9veloppement de l\u2019hydro\u00e9lectricit\u00e9 par des&nbsp;<strong>appels d\u2019offres<\/strong>&nbsp;r\u00e9guliers et par l\u2019<strong>optimisation<\/strong>&nbsp;des concessions existantes.<\/li>\n\n\n\n<li>Engager&nbsp;d\u2019ici 2023 des&nbsp;<strong>projets de stockage sous forme de STEP<\/strong>, en vue&nbsp;d\u2019un d\u00e9veloppement de&nbsp;<strong>1 \u00e0 2 GW<\/strong>&nbsp;de capacit\u00e9s entre 2025 et 2030. (<em>Actuellement, en France, 5 GW existants)&nbsp;<\/em><\/li>\n<\/ul>\n\n\n\n<p>Ajoutons qu\u2019en France, la production hydro\u00e9lectrique repr\u00e9sente 70% de la production d\u2019\u00e9lectricit\u00e9 \u00e0 partir de sources renouvelables.\u00a0<\/p>\n\n\n\n<!--more-->\n\n\n\n<p>La production est inf\u00e9rieure aux capacit\u00e9s, parce qu\u2019elle est charg\u00e9e d\u2019assurer l\u2019\u00e9quilibre instantan\u00e9 entre la production et la consommation d\u2019\u00e9lectricit\u00e9 et la substitution aux renouvelables quand il n\u2019y a pas de vent et\/ou de soleil. En effet, l&rsquo;\u00e9nergie hydro\u00e9lectrique est, gr\u00e2ce \u00e0 sa souplesse (mobilisable en quelques minutes), une variable d&rsquo;ajustement indispensable, l&rsquo;\u00e9nergie du r\u00e9seau \u00e9lectrique fran\u00e7ais ne pouvant pas se stocker, en l\u2019\u00e9tat actuel des choses. Les \u00e9quipements de pointe dont il est question un peu plus haut sont des centrales de forte puissance, tr\u00e8s \u00e9quip\u00e9es sur le plan technologique, \u00e0 m\u00eame d\u2019intervenir \u00e0 la seconde pr\u00e8s en cas de souci sur le r\u00e9seau de distribution, pour \u00e9viter les black-out, en particulier le soir aux alentours de 19 H.&nbsp;<\/p>\n\n\n\n<p><strong>Tout cela est tr\u00e8s fiable<\/strong>&nbsp;: Malgr\u00e9 des co\u00fbts de mise en \u0153uvre g\u00e9n\u00e9ralement \u00e9lev\u00e9s, les co\u00fbts de maintenance sont raisonnables, les installations sont pr\u00e9vues pour durer tr\u00e8s longtemps. Il n&rsquo;y a pas de co\u00fbt de combustible et l&rsquo;\u00e9nergie de l&rsquo;eau est&nbsp;<a href=\"https:\/\/fr.wikipedia.org\/wiki\/%25C3%2589nergie_renouvelable\">renouvelable<\/a>&nbsp;si elle est bien g\u00e9r\u00e9e.&nbsp;<\/p>\n\n\n\n<p>L\u2019hydro\u00e9lectricit\u00e9 peut poser n\u00e9anmoins des <strong>probl\u00e8mes&nbsp;:<\/strong> par exemple, ceux <strong>li\u00e9s au climat<\/strong> peuvent avoir des r\u00e9percussions importantes, \u00e0 savoir la baisse r\u00e9p\u00e9t\u00e9e, ces derni\u00e8res ann\u00e9es, de la production due \u00e0 un manque de pr\u00e9cipitations, \u00e0 une \u00e9vaporation plus importante et \u00e0 un ass\u00e8chement cons\u00e9cutif de ses r\u00e9servoirs. Le bilan mensuel du gestionnaire du r\u00e9seau \u00e0 haute tension (RTE), publi\u00e9 le 11 juin 2018, met en \u00e9vidence le printemps particuli\u00e8rement sec que la&nbsp;<a href=\"https:\/\/www.revolution-energetique.com\/tag\/france\/\">France<\/a>&nbsp;a connu, celui de2017.<\/p>\n\n\n\n<p>Entre avril et juin 2017, la s\u00e9cheresse a fait consid\u00e9rablement chuter la production d\u2019\u00e9nergie hydro\u00e9lectrique, et a vu le niveau des r\u00e9servoirs baisser de mani\u00e8re significative&nbsp;: une baisse de 35,5% au mois d\u2019avril, et de 28,7% au mois de juin de cette ann\u00e9e par rapport aux m\u00eames mois en 2016.<\/p>\n\n\n\n<p>La baisse des pr\u00e9cipitations n\u2019a cependant pas \u00e9t\u00e9 spectaculaire, mais on note depuis quelque temps un effet cumulatif&nbsp;: la p\u00e9riode de chaleur s\u2019accompagne d\u2019une augmentation de la consommation d\u2019eau, et part d\u2019un niveau des lacs d\u00e9j\u00e0 plus bas, donc avec des stocks d\u2019eau inf\u00e9rieur \u00e0 la moyenne historique.<\/p>\n\n\n\n<p>C\u2019est un ph\u00e9nom\u00e8ne qui touche beaucoup de pays, et pas seulement l\u2019Europe.<\/p>\n\n\n\n<h2 class=\"wp-block-heading\">&nbsp;<strong>Impact social et environnemental<\/strong><\/h2>\n\n\n\n<p>Les&nbsp;<a href=\"https:\/\/fr.wikipedia.org\/wiki\/Impact_environnemental_des_barrages\">impacts environnementaux<\/a>&nbsp;varient avec le type et la taille de la structure mise en place&nbsp;: ils sont faibles s&rsquo;il s&rsquo;agit d\u2019exploiter les chutes d\u2019eau naturelles, les courants marins, les vagues, mais ils deviennent tr\u00e8s importants s&rsquo;il s\u2019agit de cr\u00e9er des barrages et des retenues d&rsquo;eau artificielles.<\/p>\n\n\n\n<p>Dans ce cas, on est oblig\u00e9 de d\u00e9placer des populations et d\u2019abandonner des terres agricoles souvent fertiles, les rivi\u00e8res et les fleuves \u00e9tant des lieux privil\u00e9gi\u00e9s pour y vivre et implanter des habitations. Par exemple, le barrage des Trois Gorges en Chine a entra\u00een\u00e9 le d\u00e9placement de pr\u00e8s de deux millions de personnes. Bien s\u00fbr, en France, le nombre de personnes touch\u00e9es a \u00e9t\u00e9 bien moindre, mais cela explique la difficult\u00e9 \u00e0 mettre en place de nouveaux barrages-lacs et la tendance \u00e0 d\u00e9velopper les centrales au fil de l\u2019eau. De fait, il est pratiquement impossible dans notre pays de programmer de nouveaux barrages-lacs.<\/p>\n\n\n\n<p>De m\u00eame, la faune, et pas seulement aquatique, est perturb\u00e9e (bien que des dispositifs comme les passes \u00e0 poissons soient install\u00e9s), ainsi que tout l\u2019\u00e9cosyst\u00e8me environnant.<\/p>\n\n\n\n<p>Ceci dit, la plupart des barrages ont \u00e9t\u00e9 construits il y a plusieurs dizaines d\u2019ann\u00e9es et une nouvelle biodiversit\u00e9 a reconquis les lieux, qui sont parfois devenus source de d\u00e9veloppement \u00e9conomique et lieux d\u2019attraction touristique (ex Lac du Salagou dans l\u2019H\u00e9rault). &nbsp;<\/p>\n\n\n\n<p>Les installations hydro\u00e9lectriques ne sont pas destin\u00e9es \u00e0 la seule production d&rsquo;\u00e9nergie mais permettent d&rsquo;autres usages, tels que l&rsquo;alimentation en eau potable, l&rsquo;irrigation des terres agricoles ou la navigation marchande ou r\u00e9cr\u00e9ative.<\/p>\n\n\n\n<h2 class=\"wp-block-heading\"><strong>L\u2019hydro\u00e9lectricit\u00e9<\/strong> <strong>\u00ab&nbsp;au fil de l\u2019eau&nbsp;\u00bb<\/strong><\/h2>\n\n\n\n<p>Les installations de ce type sont implant\u00e9es&nbsp;sur le cours de grands fleuves ou de grandes rivi\u00e8res. Elles sont caract\u00e9ris\u00e9es par&nbsp;un d\u00e9bit tr\u00e8s fort et un d\u00e9nivel\u00e9 faible&nbsp;avec une chute de moins de 30 m. Dans ce cas, il n&rsquo;y a pas de retenue d&rsquo;eau et l&rsquo;\u00e9lectricit\u00e9 est produite en temps r\u00e9el. (elle n\u2019est pas stock\u00e9e comme dans le cas pr\u00e9c\u00e9dent).<\/p>\n\n\n\n<p>De ce fait, il n\u2019y a pas de possibilit\u00e9 de la stocker durant les p\u00e9riodes de l&rsquo;ann\u00e9e de hauts d\u00e9bits pour pouvoir d\u00e9stocker en p\u00e9riode de basses&nbsp;eaux.<\/p>\n\n\n\n<p>Cette production varie fortement en fonction des \u00e9v\u00e9nements climatiques (pluies, s\u00e9cheresses, saisons,&nbsp;etc.). Elle fait partie, comme les&nbsp;<a href=\"https:\/\/fr.wikipedia.org\/wiki\/%25C3%2589olienne\">\u00e9oliennes<\/a>&nbsp;et le&nbsp;<a href=\"https:\/\/fr.wikipedia.org\/wiki\/%25C3%2589nergie_solaire\">solaire<\/a>, des \u00e9nergies renouvelables \u00e0 production dite \u00ab&nbsp;fatale&nbsp;\u00bb au sens o\u00f9 elle doit \u00eatre consomm\u00e9e instantan\u00e9ment au moment de sa production, en l&rsquo;absence de capacit\u00e9 de stockage.<\/p>\n\n\n\n<p>En contrepartie, elle ne n\u00e9cessite que des am\u00e9nagements simples et beaucoup moins co\u00fbteux que les centrales de plus forte puissance.<\/p>\n\n\n\n<p>On d\u00e9finit g\u00e9n\u00e9ralement les centrales dites \u00ab&nbsp;au fil de l&rsquo;eau&nbsp;\u00bb comme \u00e9tant celles dont la constante de vidage (temps th\u00e9orique n\u00e9cessaire pour \u00e9couler la r\u00e9serve d\u2019eau en turbinant au maximum) est inf\u00e9rieure \u00e0 2&nbsp;heures. Leur production est maximale durant la p\u00e9riode de fonte des neiges, c&rsquo;est-\u00e0-dire au printemps, mais elle&nbsp;conna\u00eet \u00e9galement des pointes transitoires pendant et apr\u00e8s les p\u00e9riodes de fortes pluies voire d&rsquo;orage dans les vall\u00e9es de montagne.<\/p>\n\n\n\n<h2 class=\"wp-block-heading\"><strong>La petite hydro\u00e9lectricit\u00e9<\/strong><\/h2>\n\n\n\n<p>En France, la petite hydro\u00e9lectricit\u00e9 (qui peut venir tout aussi bien de centrales \u00e0 retenue que de centrales au fil de l\u2019eau) produit d\u00e9j\u00e0 7,5 TWh \/ an, soit 10% de la production d\u2019hydro\u00e9lectricit\u00e9 nationale fournie par 2200 centrales de petite puissance (inf\u00e9rieure \u00e0 10 MW). Les petites centrales hydro\u00e9lectriques ont un fort potentiel.&nbsp;: des milliers de sites ne sont pas exploit\u00e9s faute de technologies qui permettent d\u2019optimiser l\u2019investissement pour obtenir un co\u00fbt install\u00e9 raisonnable.&nbsp;<\/p>\n\n\n\n<p>Les centrales d\u2019une puissance sup\u00e9rieure \u00e0 4,5 MW appartiennent \u00e0 l\u2019Etat qui en confie l\u2019exploitation \u00e0 un op\u00e9rateur, sous le r\u00e9gime de la concession.<\/p>\n\n\n\n<p>Pour les petits producteurs (propri\u00e9taires priv\u00e9s), exploiter de nouveaux sites de petite hydraulique ou \u00ab&nbsp;micro-centrale&nbsp;\u00bb&nbsp; (moins de 4,5 MW) n\u00e9cessite une autorisation (ou un \u00ab&nbsp;droit d\u2019eau&nbsp;\u00bb), qui ne peut pas \u00eatre accord\u00e9e si les installations constituent un frein \u00e0 la continuit\u00e9 \u00e9cologique (ex&nbsp;: protection des poissons migrateurs). D\u2019autres dispositions qui s\u2019ajoutent divisent de fait par trois le potentiel hydro\u00e9lectrique des sites vierges pouvant faire l\u2019objet de nouvelles installations.<\/p>\n\n\n\n<p>En effet, m\u00eame pour d\u00e9river et am\u00e9nager un cours d\u2019eau non class\u00e9, un particulier devra d\u00e9poser un dossier assez complexe en pr\u00e9fecture qui servira pour la consultation des autorit\u00e9s comp\u00e9tentes (DDAF, DDE, DRIRE, DREAL) et des parties concern\u00e9es (p\u00eacheurs, riverains, etc.).&nbsp;<br>La proc\u00e9dure est lourde et longue (au moins un \u00e0 deux ans).<\/p>\n\n\n\n<p>La mise en valeur de cette \u00e9nergie est donc frein\u00e9e par des contraintes \u00e9conomiques, administratives et environnementales.<\/p>\n\n\n\n<p><strong>La r\u00e8glementation<\/strong><\/p>\n\n\n\n<p>Parmi les installations hydro\u00e9lectriques , 400 rel\u00e8vent du r\u00e9gime de la concession et 2&nbsp;100 de celui de l&rsquo;autorisation, selon que leur puissance exc\u00e8de ou non 4,5 m\u00e9gawatts (MW).<\/p>\n\n\n\n<p>Elles doivent n\u00e9cessairement s&rsquo;articuler avec les r\u00e8gles complexes relatives \u00e0 la restauration de la continuit\u00e9 \u00e9cologique des cours d&rsquo;eau&nbsp;: en effet, depuis la loi dite&nbsp;<em>\u00ab&nbsp;LEMA&nbsp;\u00bb<\/em>du 30 d\u00e9cembre 2006, prise en application d&rsquo;une directive europ\u00e9enne visant \u00e0 pr\u00e9server la qualit\u00e9 de l\u2019eau, les cours d&rsquo;eau peuvent faire l&rsquo;objet d&rsquo;un classement en deux cat\u00e9gories par l&rsquo;autorit\u00e9 administrative&nbsp;:&nbsp;<\/p>\n\n\n\n<ul class=\"wp-block-list\">\n<li>sur les cours d&rsquo;eau de cat\u00e9gorie 1, qui sont caract\u00e9ris\u00e9s par un tr\u00e8s bon \u00e9tat \u00e9cologique ou identifi\u00e9s comme des r\u00e9servoirs biologiques, il est interdit d&rsquo;accorder toute nouvelle autorisation ou concession d&rsquo;ouvrage constituant&nbsp;<em>\u00ab&nbsp;un obstacle \u00e0 la continuit\u00e9 \u00e9cologique&nbsp;\u00bb<\/em>.<\/li>\n<\/ul>\n\n\n\n<ul class=\"wp-block-list\">\n<li>sur les cours d&rsquo;eau de cat\u00e9gorie 2, sur lesquels il est n\u00e9cessaire d&rsquo;assurer le transport des s\u00e9diments ou la circulation des poissons, la gestion, l&rsquo;entretien et l&rsquo;\u00e9quipement d&rsquo;ouvrages sont subordonn\u00e9s \u00e0 des r\u00e8gles d\u00e9finies par l&rsquo;autorit\u00e9 administrative.<\/li>\n<\/ul>\n\n\n\n<p>Les co\u00fbts, comme la r\u00e8glementation,&nbsp; peuvent r\u00e9duire consid\u00e9rablement son potentiel de d\u00e9veloppement. Par exemple, \u00e0 elle seule, une&nbsp;<em>\u00ab&nbsp;passe \u00e0 poissons&nbsp;\u00bb<\/em>&nbsp;repr\u00e9sente un co\u00fbt d&rsquo;investissement total de 2 \u00e0 5 millions d&rsquo;euros pour une centrale d&rsquo;1 MW.<\/p>\n\n\n\n<h2 class=\"wp-block-heading\">Conclusion<\/h2>\n\n\n\n<p>M\u00eame si&nbsp; les quelques accidents qu\u2019il y a eu (destruction des barrages) ont \u00e9t\u00e9 plus mortels que tous les accidents nucl\u00e9aires au monde, on peut dire que l\u2019\u00e9nergie hydro\u00e9lectrique est de loin notre meilleur atout en mati\u00e8re d\u2019\u00e9nergie renouvelable \u00e9lectrique, cependant les potentialit\u00e9s sont minces en France, o\u00f9 les meilleurs sites ont d\u00e9j\u00e0 \u00e9t\u00e9 occup\u00e9s.<\/p>\n","protected":false},"excerpt":{"rendered":"<p>Une \u00e9tape suppl\u00e9mentaire de la publication en ligne de l&rsquo;ouvrage consacr\u00e9 aux \u00e9nergies renouvelables. R\u00e9dig\u00e9 par la commission \u00e9nergie du collectif Toutes Nos \u00c9nergies &#8211; Occitanie Environnement, il est coordonn\u00e9 par Marcel Caron. Plusieurs d&rsquo;entre vous ont d\u00e9j\u00e0 fait des remarques et des commentaires. Merci de votre int\u00e9r\u00eat et de vos suggestions. Les auteurs en &#8230; <a title=\"Le livre sur les \u00e9nergies renouvelables (l&rsquo;\u00e9nergie hydro\u00e9lectrique)\" class=\"read-more\" href=\"https:\/\/toutesnosenergies.fr\/index.php\/2022\/11\/07\/le-livre-sur-les-energies-renouvelables-lenergie-hydroelectrique\/\" aria-label=\"Plus sur Le livre sur les \u00e9nergies renouvelables (l&rsquo;\u00e9nergie hydro\u00e9lectrique)\">Lire plus<\/a><\/p>\n","protected":false},"author":3,"featured_media":0,"comment_status":"open","ping_status":"open","sticky":false,"template":"","format":"standard","meta":{"_cbd_carousel_blocks":"[]","sfsi_plus_gutenberg_text_before_share":"","sfsi_plus_gutenberg_show_text_before_share":"","sfsi_plus_gutenberg_icon_type":"","sfsi_plus_gutenberg_icon_alignemt":"","sfsi_plus_gutenburg_max_per_row":"","footnotes":""},"categories":[10],"tags":[],"class_list":["post-8812","post","type-post","status-publish","format-standard","hentry","category-informations-diverses"],"yoast_head":"<!-- This site is optimized with the Yoast SEO plugin v27.4 - https:\/\/yoast.com\/product\/yoast-seo-wordpress\/ -->\n<title>Le livre sur les \u00e9nergies renouvelables (l&#039;\u00e9nergie hydro\u00e9lectrique) - Toutes Nos \u00c9nergies \u2013 Occitanie Environnement<\/title>\n<meta name=\"robots\" content=\"index, follow, max-snippet:-1, max-image-preview:large, max-video-preview:-1\" \/>\n<link rel=\"canonical\" href=\"https:\/\/toutesnosenergies.fr\/index.php\/2022\/11\/07\/le-livre-sur-les-energies-renouvelables-lenergie-hydroelectrique\/\" \/>\n<meta property=\"og:locale\" content=\"fr_FR\" \/>\n<meta property=\"og:type\" content=\"article\" \/>\n<meta property=\"og:title\" content=\"Le livre sur les \u00e9nergies renouvelables (l&#039;\u00e9nergie hydro\u00e9lectrique) - Toutes Nos \u00c9nergies \u2013 Occitanie Environnement\" \/>\n<meta property=\"og:description\" content=\"Une \u00e9tape suppl\u00e9mentaire de la publication en ligne de l&rsquo;ouvrage consacr\u00e9 aux \u00e9nergies renouvelables. R\u00e9dig\u00e9 par la commission \u00e9nergie du collectif Toutes Nos \u00c9nergies &#8211; Occitanie Environnement, il est coordonn\u00e9 par Marcel Caron. Plusieurs d&rsquo;entre vous ont d\u00e9j\u00e0 fait des remarques et des commentaires. Merci de votre int\u00e9r\u00eat et de vos suggestions. Les auteurs en ... Lire plus\" \/>\n<meta property=\"og:url\" content=\"https:\/\/toutesnosenergies.fr\/index.php\/2022\/11\/07\/le-livre-sur-les-energies-renouvelables-lenergie-hydroelectrique\/\" \/>\n<meta property=\"og:site_name\" content=\"Toutes Nos \u00c9nergies \u2013 Occitanie Environnement\" \/>\n<meta property=\"article:publisher\" content=\"https:\/\/www.facebook.com\/TNEtoutesnosenergiesOccitanieEnvironnement\" \/>\n<meta property=\"article:published_time\" content=\"2022-11-07T16:52:31+00:00\" \/>\n<meta property=\"article:modified_time\" content=\"2022-11-07T17:06:40+00:00\" \/>\n<meta property=\"og:image\" content=\"https:\/\/toutesnosenergies.fr\/wp-content\/uploads\/2022\/11\/Capture-decran-2022-11-07-a-17.39.37-1024x453.png\" \/>\n<meta name=\"author\" content=\"WM81\" \/>\n<meta name=\"twitter:card\" content=\"summary_large_image\" \/>\n<meta name=\"twitter:label1\" content=\"\u00c9crit par\" \/>\n\t<meta name=\"twitter:data1\" content=\"WM81\" \/>\n\t<meta name=\"twitter:label2\" content=\"Dur\u00e9e de lecture estim\u00e9e\" \/>\n\t<meta name=\"twitter:data2\" content=\"12 minutes\" \/>\n<script type=\"application\/ld+json\" class=\"yoast-schema-graph\">{\"@context\":\"https:\\\/\\\/schema.org\",\"@graph\":[{\"@type\":\"Article\",\"@id\":\"https:\\\/\\\/toutesnosenergies.fr\\\/index.php\\\/2022\\\/11\\\/07\\\/le-livre-sur-les-energies-renouvelables-lenergie-hydroelectrique\\\/#article\",\"isPartOf\":{\"@id\":\"https:\\\/\\\/toutesnosenergies.fr\\\/index.php\\\/2022\\\/11\\\/07\\\/le-livre-sur-les-energies-renouvelables-lenergie-hydroelectrique\\\/\"},\"author\":{\"name\":\"WM81\",\"@id\":\"https:\\\/\\\/toutesnosenergies.fr\\\/#\\\/schema\\\/person\\\/83b429b7810ce59e0a21afb7e0b3cb1c\"},\"headline\":\"Le livre sur les \u00e9nergies renouvelables (l&rsquo;\u00e9nergie hydro\u00e9lectrique)\",\"datePublished\":\"2022-11-07T16:52:31+00:00\",\"dateModified\":\"2022-11-07T17:06:40+00:00\",\"mainEntityOfPage\":{\"@id\":\"https:\\\/\\\/toutesnosenergies.fr\\\/index.php\\\/2022\\\/11\\\/07\\\/le-livre-sur-les-energies-renouvelables-lenergie-hydroelectrique\\\/\"},\"wordCount\":2494,\"commentCount\":1,\"publisher\":{\"@id\":\"https:\\\/\\\/toutesnosenergies.fr\\\/#organization\"},\"image\":{\"@id\":\"https:\\\/\\\/toutesnosenergies.fr\\\/index.php\\\/2022\\\/11\\\/07\\\/le-livre-sur-les-energies-renouvelables-lenergie-hydroelectrique\\\/#primaryimage\"},\"thumbnailUrl\":\"https:\\\/\\\/toutesnosenergies.fr\\\/wp-content\\\/uploads\\\/2022\\\/11\\\/Capture-decran-2022-11-07-a-17.39.37-1024x453.png\",\"articleSection\":[\"Informations diverses\"],\"inLanguage\":\"fr-FR\",\"potentialAction\":[{\"@type\":\"CommentAction\",\"name\":\"Comment\",\"target\":[\"https:\\\/\\\/toutesnosenergies.fr\\\/index.php\\\/2022\\\/11\\\/07\\\/le-livre-sur-les-energies-renouvelables-lenergie-hydroelectrique\\\/#respond\"]}]},{\"@type\":\"WebPage\",\"@id\":\"https:\\\/\\\/toutesnosenergies.fr\\\/index.php\\\/2022\\\/11\\\/07\\\/le-livre-sur-les-energies-renouvelables-lenergie-hydroelectrique\\\/\",\"url\":\"https:\\\/\\\/toutesnosenergies.fr\\\/index.php\\\/2022\\\/11\\\/07\\\/le-livre-sur-les-energies-renouvelables-lenergie-hydroelectrique\\\/\",\"name\":\"Le livre sur les \u00e9nergies renouvelables (l'\u00e9nergie hydro\u00e9lectrique) - Toutes Nos \u00c9nergies \u2013 Occitanie Environnement\",\"isPartOf\":{\"@id\":\"https:\\\/\\\/toutesnosenergies.fr\\\/#website\"},\"primaryImageOfPage\":{\"@id\":\"https:\\\/\\\/toutesnosenergies.fr\\\/index.php\\\/2022\\\/11\\\/07\\\/le-livre-sur-les-energies-renouvelables-lenergie-hydroelectrique\\\/#primaryimage\"},\"image\":{\"@id\":\"https:\\\/\\\/toutesnosenergies.fr\\\/index.php\\\/2022\\\/11\\\/07\\\/le-livre-sur-les-energies-renouvelables-lenergie-hydroelectrique\\\/#primaryimage\"},\"thumbnailUrl\":\"https:\\\/\\\/toutesnosenergies.fr\\\/wp-content\\\/uploads\\\/2022\\\/11\\\/Capture-decran-2022-11-07-a-17.39.37-1024x453.png\",\"datePublished\":\"2022-11-07T16:52:31+00:00\",\"dateModified\":\"2022-11-07T17:06:40+00:00\",\"breadcrumb\":{\"@id\":\"https:\\\/\\\/toutesnosenergies.fr\\\/index.php\\\/2022\\\/11\\\/07\\\/le-livre-sur-les-energies-renouvelables-lenergie-hydroelectrique\\\/#breadcrumb\"},\"inLanguage\":\"fr-FR\",\"potentialAction\":[{\"@type\":\"ReadAction\",\"target\":[\"https:\\\/\\\/toutesnosenergies.fr\\\/index.php\\\/2022\\\/11\\\/07\\\/le-livre-sur-les-energies-renouvelables-lenergie-hydroelectrique\\\/\"]}]},{\"@type\":\"ImageObject\",\"inLanguage\":\"fr-FR\",\"@id\":\"https:\\\/\\\/toutesnosenergies.fr\\\/index.php\\\/2022\\\/11\\\/07\\\/le-livre-sur-les-energies-renouvelables-lenergie-hydroelectrique\\\/#primaryimage\",\"url\":\"https:\\\/\\\/toutesnosenergies.fr\\\/wp-content\\\/uploads\\\/2022\\\/11\\\/Capture-decran-2022-11-07-a-17.39.37.png\",\"contentUrl\":\"https:\\\/\\\/toutesnosenergies.fr\\\/wp-content\\\/uploads\\\/2022\\\/11\\\/Capture-decran-2022-11-07-a-17.39.37.png\",\"width\":1058,\"height\":468},{\"@type\":\"BreadcrumbList\",\"@id\":\"https:\\\/\\\/toutesnosenergies.fr\\\/index.php\\\/2022\\\/11\\\/07\\\/le-livre-sur-les-energies-renouvelables-lenergie-hydroelectrique\\\/#breadcrumb\",\"itemListElement\":[{\"@type\":\"ListItem\",\"position\":1,\"name\":\"Accueil\",\"item\":\"https:\\\/\\\/toutesnosenergies.fr\\\/\"},{\"@type\":\"ListItem\",\"position\":2,\"name\":\"Le livre sur les \u00e9nergies renouvelables (l&#8217;\u00e9nergie hydro\u00e9lectrique)\"}]},{\"@type\":\"WebSite\",\"@id\":\"https:\\\/\\\/toutesnosenergies.fr\\\/#website\",\"url\":\"https:\\\/\\\/toutesnosenergies.fr\\\/\",\"name\":\"Toutes Nos \u00c9nergies \u2013 Occitanie Environnement\",\"description\":\"Pour une \u00e9nergie respectueuse du vivant et des territoires ruraux en Occitanie\",\"publisher\":{\"@id\":\"https:\\\/\\\/toutesnosenergies.fr\\\/#organization\"},\"potentialAction\":[{\"@type\":\"SearchAction\",\"target\":{\"@type\":\"EntryPoint\",\"urlTemplate\":\"https:\\\/\\\/toutesnosenergies.fr\\\/?s={search_term_string}\"},\"query-input\":{\"@type\":\"PropertyValueSpecification\",\"valueRequired\":true,\"valueName\":\"search_term_string\"}}],\"inLanguage\":\"fr-FR\"},{\"@type\":\"Organization\",\"@id\":\"https:\\\/\\\/toutesnosenergies.fr\\\/#organization\",\"name\":\"Toutes Nos \u00c9nergies \u2013 Occitanie Environnement\",\"url\":\"https:\\\/\\\/toutesnosenergies.fr\\\/\",\"logo\":{\"@type\":\"ImageObject\",\"inLanguage\":\"fr-FR\",\"@id\":\"https:\\\/\\\/toutesnosenergies.fr\\\/#\\\/schema\\\/logo\\\/image\\\/\",\"url\":\"https:\\\/\\\/toutesnosenergies.fr\\\/wp-content\\\/uploads\\\/2023\\\/01\\\/Petit-logo.png\",\"contentUrl\":\"https:\\\/\\\/toutesnosenergies.fr\\\/wp-content\\\/uploads\\\/2023\\\/01\\\/Petit-logo.png\",\"width\":360,\"height\":102,\"caption\":\"Toutes Nos \u00c9nergies \u2013 Occitanie Environnement\"},\"image\":{\"@id\":\"https:\\\/\\\/toutesnosenergies.fr\\\/#\\\/schema\\\/logo\\\/image\\\/\"},\"sameAs\":[\"https:\\\/\\\/www.facebook.com\\\/TNEtoutesnosenergiesOccitanieEnvironnement\"]},{\"@type\":\"Person\",\"@id\":\"https:\\\/\\\/toutesnosenergies.fr\\\/#\\\/schema\\\/person\\\/83b429b7810ce59e0a21afb7e0b3cb1c\",\"name\":\"WM81\",\"image\":{\"@type\":\"ImageObject\",\"inLanguage\":\"fr-FR\",\"@id\":\"https:\\\/\\\/secure.gravatar.com\\\/avatar\\\/aa9bf2bd97a7297274c53294f09e800c7ee0d88290f959d5d49f9380299b9ff1?s=96&d=mm&r=g\",\"url\":\"https:\\\/\\\/secure.gravatar.com\\\/avatar\\\/aa9bf2bd97a7297274c53294f09e800c7ee0d88290f959d5d49f9380299b9ff1?s=96&d=mm&r=g\",\"contentUrl\":\"https:\\\/\\\/secure.gravatar.com\\\/avatar\\\/aa9bf2bd97a7297274c53294f09e800c7ee0d88290f959d5d49f9380299b9ff1?s=96&d=mm&r=g\",\"caption\":\"WM81\"},\"sameAs\":[\"http:\\\/\\\/toutesnosenergies.fr\"],\"url\":\"https:\\\/\\\/toutesnosenergies.fr\\\/index.php\\\/author\\\/wm81\\\/\"}]}<\/script>\n<!-- \/ Yoast SEO plugin. -->","yoast_head_json":{"title":"Le livre sur les \u00e9nergies renouvelables (l'\u00e9nergie hydro\u00e9lectrique) - Toutes Nos \u00c9nergies \u2013 Occitanie Environnement","robots":{"index":"index","follow":"follow","max-snippet":"max-snippet:-1","max-image-preview":"max-image-preview:large","max-video-preview":"max-video-preview:-1"},"canonical":"https:\/\/toutesnosenergies.fr\/index.php\/2022\/11\/07\/le-livre-sur-les-energies-renouvelables-lenergie-hydroelectrique\/","og_locale":"fr_FR","og_type":"article","og_title":"Le livre sur les \u00e9nergies renouvelables (l'\u00e9nergie hydro\u00e9lectrique) - Toutes Nos \u00c9nergies \u2013 Occitanie Environnement","og_description":"Une \u00e9tape suppl\u00e9mentaire de la publication en ligne de l&rsquo;ouvrage consacr\u00e9 aux \u00e9nergies renouvelables. R\u00e9dig\u00e9 par la commission \u00e9nergie du collectif Toutes Nos \u00c9nergies &#8211; Occitanie Environnement, il est coordonn\u00e9 par Marcel Caron. Plusieurs d&rsquo;entre vous ont d\u00e9j\u00e0 fait des remarques et des commentaires. Merci de votre int\u00e9r\u00eat et de vos suggestions. Les auteurs en ... Lire plus","og_url":"https:\/\/toutesnosenergies.fr\/index.php\/2022\/11\/07\/le-livre-sur-les-energies-renouvelables-lenergie-hydroelectrique\/","og_site_name":"Toutes Nos \u00c9nergies \u2013 Occitanie Environnement","article_publisher":"https:\/\/www.facebook.com\/TNEtoutesnosenergiesOccitanieEnvironnement","article_published_time":"2022-11-07T16:52:31+00:00","article_modified_time":"2022-11-07T17:06:40+00:00","og_image":[{"url":"https:\/\/toutesnosenergies.fr\/wp-content\/uploads\/2022\/11\/Capture-decran-2022-11-07-a-17.39.37-1024x453.png","type":"","width":"","height":""}],"author":"WM81","twitter_card":"summary_large_image","twitter_misc":{"\u00c9crit par":"WM81","Dur\u00e9e de lecture estim\u00e9e":"12 minutes"},"schema":{"@context":"https:\/\/schema.org","@graph":[{"@type":"Article","@id":"https:\/\/toutesnosenergies.fr\/index.php\/2022\/11\/07\/le-livre-sur-les-energies-renouvelables-lenergie-hydroelectrique\/#article","isPartOf":{"@id":"https:\/\/toutesnosenergies.fr\/index.php\/2022\/11\/07\/le-livre-sur-les-energies-renouvelables-lenergie-hydroelectrique\/"},"author":{"name":"WM81","@id":"https:\/\/toutesnosenergies.fr\/#\/schema\/person\/83b429b7810ce59e0a21afb7e0b3cb1c"},"headline":"Le livre sur les \u00e9nergies renouvelables (l&rsquo;\u00e9nergie hydro\u00e9lectrique)","datePublished":"2022-11-07T16:52:31+00:00","dateModified":"2022-11-07T17:06:40+00:00","mainEntityOfPage":{"@id":"https:\/\/toutesnosenergies.fr\/index.php\/2022\/11\/07\/le-livre-sur-les-energies-renouvelables-lenergie-hydroelectrique\/"},"wordCount":2494,"commentCount":1,"publisher":{"@id":"https:\/\/toutesnosenergies.fr\/#organization"},"image":{"@id":"https:\/\/toutesnosenergies.fr\/index.php\/2022\/11\/07\/le-livre-sur-les-energies-renouvelables-lenergie-hydroelectrique\/#primaryimage"},"thumbnailUrl":"https:\/\/toutesnosenergies.fr\/wp-content\/uploads\/2022\/11\/Capture-decran-2022-11-07-a-17.39.37-1024x453.png","articleSection":["Informations diverses"],"inLanguage":"fr-FR","potentialAction":[{"@type":"CommentAction","name":"Comment","target":["https:\/\/toutesnosenergies.fr\/index.php\/2022\/11\/07\/le-livre-sur-les-energies-renouvelables-lenergie-hydroelectrique\/#respond"]}]},{"@type":"WebPage","@id":"https:\/\/toutesnosenergies.fr\/index.php\/2022\/11\/07\/le-livre-sur-les-energies-renouvelables-lenergie-hydroelectrique\/","url":"https:\/\/toutesnosenergies.fr\/index.php\/2022\/11\/07\/le-livre-sur-les-energies-renouvelables-lenergie-hydroelectrique\/","name":"Le livre sur les \u00e9nergies renouvelables (l'\u00e9nergie hydro\u00e9lectrique) - Toutes Nos \u00c9nergies \u2013 Occitanie Environnement","isPartOf":{"@id":"https:\/\/toutesnosenergies.fr\/#website"},"primaryImageOfPage":{"@id":"https:\/\/toutesnosenergies.fr\/index.php\/2022\/11\/07\/le-livre-sur-les-energies-renouvelables-lenergie-hydroelectrique\/#primaryimage"},"image":{"@id":"https:\/\/toutesnosenergies.fr\/index.php\/2022\/11\/07\/le-livre-sur-les-energies-renouvelables-lenergie-hydroelectrique\/#primaryimage"},"thumbnailUrl":"https:\/\/toutesnosenergies.fr\/wp-content\/uploads\/2022\/11\/Capture-decran-2022-11-07-a-17.39.37-1024x453.png","datePublished":"2022-11-07T16:52:31+00:00","dateModified":"2022-11-07T17:06:40+00:00","breadcrumb":{"@id":"https:\/\/toutesnosenergies.fr\/index.php\/2022\/11\/07\/le-livre-sur-les-energies-renouvelables-lenergie-hydroelectrique\/#breadcrumb"},"inLanguage":"fr-FR","potentialAction":[{"@type":"ReadAction","target":["https:\/\/toutesnosenergies.fr\/index.php\/2022\/11\/07\/le-livre-sur-les-energies-renouvelables-lenergie-hydroelectrique\/"]}]},{"@type":"ImageObject","inLanguage":"fr-FR","@id":"https:\/\/toutesnosenergies.fr\/index.php\/2022\/11\/07\/le-livre-sur-les-energies-renouvelables-lenergie-hydroelectrique\/#primaryimage","url":"https:\/\/toutesnosenergies.fr\/wp-content\/uploads\/2022\/11\/Capture-decran-2022-11-07-a-17.39.37.png","contentUrl":"https:\/\/toutesnosenergies.fr\/wp-content\/uploads\/2022\/11\/Capture-decran-2022-11-07-a-17.39.37.png","width":1058,"height":468},{"@type":"BreadcrumbList","@id":"https:\/\/toutesnosenergies.fr\/index.php\/2022\/11\/07\/le-livre-sur-les-energies-renouvelables-lenergie-hydroelectrique\/#breadcrumb","itemListElement":[{"@type":"ListItem","position":1,"name":"Accueil","item":"https:\/\/toutesnosenergies.fr\/"},{"@type":"ListItem","position":2,"name":"Le livre sur les \u00e9nergies renouvelables (l&#8217;\u00e9nergie hydro\u00e9lectrique)"}]},{"@type":"WebSite","@id":"https:\/\/toutesnosenergies.fr\/#website","url":"https:\/\/toutesnosenergies.fr\/","name":"Toutes Nos \u00c9nergies \u2013 Occitanie Environnement","description":"Pour une \u00e9nergie respectueuse du vivant et des territoires ruraux en Occitanie","publisher":{"@id":"https:\/\/toutesnosenergies.fr\/#organization"},"potentialAction":[{"@type":"SearchAction","target":{"@type":"EntryPoint","urlTemplate":"https:\/\/toutesnosenergies.fr\/?s={search_term_string}"},"query-input":{"@type":"PropertyValueSpecification","valueRequired":true,"valueName":"search_term_string"}}],"inLanguage":"fr-FR"},{"@type":"Organization","@id":"https:\/\/toutesnosenergies.fr\/#organization","name":"Toutes Nos \u00c9nergies \u2013 Occitanie Environnement","url":"https:\/\/toutesnosenergies.fr\/","logo":{"@type":"ImageObject","inLanguage":"fr-FR","@id":"https:\/\/toutesnosenergies.fr\/#\/schema\/logo\/image\/","url":"https:\/\/toutesnosenergies.fr\/wp-content\/uploads\/2023\/01\/Petit-logo.png","contentUrl":"https:\/\/toutesnosenergies.fr\/wp-content\/uploads\/2023\/01\/Petit-logo.png","width":360,"height":102,"caption":"Toutes Nos \u00c9nergies \u2013 Occitanie Environnement"},"image":{"@id":"https:\/\/toutesnosenergies.fr\/#\/schema\/logo\/image\/"},"sameAs":["https:\/\/www.facebook.com\/TNEtoutesnosenergiesOccitanieEnvironnement"]},{"@type":"Person","@id":"https:\/\/toutesnosenergies.fr\/#\/schema\/person\/83b429b7810ce59e0a21afb7e0b3cb1c","name":"WM81","image":{"@type":"ImageObject","inLanguage":"fr-FR","@id":"https:\/\/secure.gravatar.com\/avatar\/aa9bf2bd97a7297274c53294f09e800c7ee0d88290f959d5d49f9380299b9ff1?s=96&d=mm&r=g","url":"https:\/\/secure.gravatar.com\/avatar\/aa9bf2bd97a7297274c53294f09e800c7ee0d88290f959d5d49f9380299b9ff1?s=96&d=mm&r=g","contentUrl":"https:\/\/secure.gravatar.com\/avatar\/aa9bf2bd97a7297274c53294f09e800c7ee0d88290f959d5d49f9380299b9ff1?s=96&d=mm&r=g","caption":"WM81"},"sameAs":["http:\/\/toutesnosenergies.fr"],"url":"https:\/\/toutesnosenergies.fr\/index.php\/author\/wm81\/"}]}},"_links":{"self":[{"href":"https:\/\/toutesnosenergies.fr\/index.php\/wp-json\/wp\/v2\/posts\/8812","targetHints":{"allow":["GET"]}}],"collection":[{"href":"https:\/\/toutesnosenergies.fr\/index.php\/wp-json\/wp\/v2\/posts"}],"about":[{"href":"https:\/\/toutesnosenergies.fr\/index.php\/wp-json\/wp\/v2\/types\/post"}],"author":[{"embeddable":true,"href":"https:\/\/toutesnosenergies.fr\/index.php\/wp-json\/wp\/v2\/users\/3"}],"replies":[{"embeddable":true,"href":"https:\/\/toutesnosenergies.fr\/index.php\/wp-json\/wp\/v2\/comments?post=8812"}],"version-history":[{"count":6,"href":"https:\/\/toutesnosenergies.fr\/index.php\/wp-json\/wp\/v2\/posts\/8812\/revisions"}],"predecessor-version":[{"id":8823,"href":"https:\/\/toutesnosenergies.fr\/index.php\/wp-json\/wp\/v2\/posts\/8812\/revisions\/8823"}],"wp:attachment":[{"href":"https:\/\/toutesnosenergies.fr\/index.php\/wp-json\/wp\/v2\/media?parent=8812"}],"wp:term":[{"taxonomy":"category","embeddable":true,"href":"https:\/\/toutesnosenergies.fr\/index.php\/wp-json\/wp\/v2\/categories?post=8812"},{"taxonomy":"post_tag","embeddable":true,"href":"https:\/\/toutesnosenergies.fr\/index.php\/wp-json\/wp\/v2\/tags?post=8812"}],"curies":[{"name":"wp","href":"https:\/\/api.w.org\/{rel}","templated":true}]}}