{"id":9162,"date":"2023-01-23T20:17:37","date_gmt":"2023-01-23T19:17:37","guid":{"rendered":"https:\/\/toutesnosenergies.fr\/?p=9162"},"modified":"2023-01-28T16:40:22","modified_gmt":"2023-01-28T15:40:22","slug":"derniere-ligne-droite-pour-la-loi-dacceleration-des-energies-renouvelables","status":"publish","type":"post","link":"https:\/\/toutesnosenergies.fr\/index.php\/2023\/01\/23\/derniere-ligne-droite-pour-la-loi-dacceleration-des-energies-renouvelables\/","title":{"rendered":"Derni\u00e8re ligne droite pour la loi d&rsquo;acc\u00e9l\u00e9ration des \u00e9nergies renouvelables"},"content":{"rendered":"\n<p class=\"has-white-background-color has-background\">Une commission mixte paritaire de 28 d\u00e9put\u00e9s&nbsp; et s\u00e9nateurs (CPM) a \u00e9t\u00e9 d\u00e9sign\u00e9e pour r\u00e9diger&nbsp; le texte&nbsp; d\u00e9finitif de la&nbsp; loi qui sera vot\u00e9e par les d\u00e9put\u00e9s le 30 janvier en 2\u00e8me lecture. Les parlementaires de l&rsquo;Occitanie membres de cette commission, le d\u00e9put\u00e9 RN de la 4\u00b0 circonscription du Gard  M. Pierre Meurin, et le s\u00e9nateur du  Gers M. Franck Montaug\u00e9  Socialiste, \u00c9cologiste et R\u00e9publicain.<\/p>\n\n\n\n<p class=\"has-background\" style=\"background-color:#4cff61\">Il reste une chance de convaincre les membres de cette commission qu&rsquo;il s&rsquo;agit d&rsquo;une loi inacceptable du point de vue de la d\u00e9mocratie (proc\u00e9dures \u00ab\u00a0acc\u00e9l\u00e9r\u00e9es\u00a0\u00bbde consultation, de d\u00e9cision et de recours, c&rsquo;est \u00e0 dire irrespectueuses du droit des citoyens) et pour les atteintes \u00e0 la biodiversit\u00e9 qu&rsquo;elle permettrait en l&rsquo;\u00e9tat en autorisant l&rsquo;implantation d&rsquo;EnR dans des espaces naturels agricoles et forestiers.<\/p>\n\n\n\n<p class=\"has-white-background-color has-background\">La FNE signale 3 points d&rsquo;alerte :<\/p>\n\n\n\n<ul class=\"wp-block-list\">\n<li>&nbsp;La d\u00e9finition des \u00ab\u00a0zones d&rsquo;acc\u00e9l\u00e9ration\u00a0\u00bb encourageant l&rsquo;implantation des EnR se ferait sans \u00e9valuation environnementale et sans dialogue avec les citoyen.nes : <strong>inacceptable<\/strong>.<\/li>\n\n\n\n<li>&nbsp;Le projet de loi omet d&rsquo;aborder la question des b\u00e2timents existants dont le potentiel est consid\u00e9rable et permettrait d&rsquo;\u00e9viter l&rsquo;implantation de parcs au sol dans des espaces naturels, agricoles et forestiers, comme c&rsquo;est le cas actuellement. L\u00e0 aussi, il y existe des marges de progr\u00e8s importantes dans le texte de loi. Le d\u00e9ploiement du photovolta\u00efque sur des surfaces non-artificialis\u00e9es est <strong>inacceptable<\/strong>.<\/li>\n\n\n\n<li>La cr\u00e9ation de l&rsquo;observatoire ENR terrestres et biodiversit\u00e9 permettra de disposer d&rsquo;une connaissance scientifique solide des impacts des projets sur la biodiversit\u00e9, de mesurer l&rsquo;effectivit\u00e9 et l&rsquo;efficacit\u00e9 des mesures de suivi, de r\u00e9duction ou de compensation mises en place \u00e0 condition qu&rsquo;il dispose de moyens financiers et humains <strong>indispensables<\/strong>.<\/li>\n<\/ul>\n\n\n\n<p>Nous rajouterons la notion d<strong>&lsquo;int\u00e9r\u00eat public majeur<\/strong> (IPM) introduit par la loi qui au nom d&rsquo;une notion confuse (l&rsquo;int\u00e9r\u00eat de qui ?) &nbsp;ouvre en grand la porte aux d\u00e9rogations de toutes sortes, et constitue en particulier une menace s\u00e9v\u00e8re \u00e0 la protection des esp\u00e8ces prot\u00e9g\u00e9es.<\/p>\n\n\n\n<p>Dans ces derniers jours, il est important que les associations continuent \u00e0 alerter l&rsquo;ensemble des parlementaires pour qu&rsquo;ils s&rsquo;opposent aux aspects les plus nuisibles de ce projet de loi.<\/p>\n","protected":false},"excerpt":{"rendered":"<p>Une commission mixte paritaire de 28 d\u00e9put\u00e9s&nbsp; et s\u00e9nateurs (CPM) a \u00e9t\u00e9 d\u00e9sign\u00e9e pour r\u00e9diger&nbsp; le texte&nbsp; d\u00e9finitif de la&nbsp; loi qui sera vot\u00e9e par les d\u00e9put\u00e9s le 30 janvier en 2\u00e8me lecture. Les parlementaires de l&rsquo;Occitanie membres de cette commission, le d\u00e9put\u00e9 RN de la 4\u00b0 circonscription du Gard M. Pierre Meurin, et le &#8230; <a title=\"Derni\u00e8re ligne droite pour la loi d&rsquo;acc\u00e9l\u00e9ration des \u00e9nergies renouvelables\" class=\"read-more\" href=\"https:\/\/toutesnosenergies.fr\/index.php\/2023\/01\/23\/derniere-ligne-droite-pour-la-loi-dacceleration-des-energies-renouvelables\/\" aria-label=\"Plus sur Derni\u00e8re ligne droite pour la loi d&rsquo;acc\u00e9l\u00e9ration des \u00e9nergies renouvelables\">Lire plus<\/a><\/p>\n","protected":false},"author":3,"featured_media":0,"comment_status":"open","ping_status":"open","sticky":false,"template":"","format":"standard","meta":{"_cbd_carousel_blocks":"[]","sfsi_plus_gutenberg_text_before_share":"","sfsi_plus_gutenberg_show_text_before_share":"","sfsi_plus_gutenberg_icon_type":"","sfsi_plus_gutenberg_icon_alignemt":"","sfsi_plus_gutenburg_max_per_row":"","footnotes":""},"categories":[10],"tags":[],"class_list":["post-9162","post","type-post","status-publish","format-standard","hentry","category-informations-diverses"],"yoast_head":"<!-- This site is optimized with the Yoast SEO plugin v27.4 - https:\/\/yoast.com\/product\/yoast-seo-wordpress\/ -->\n<title>Derni\u00e8re ligne droite pour la loi d&#039;acc\u00e9l\u00e9ration des \u00e9nergies renouvelables - Toutes Nos \u00c9nergies \u2013 Occitanie Environnement<\/title>\n<meta name=\"robots\" content=\"index, follow, max-snippet:-1, max-image-preview:large, max-video-preview:-1\" \/>\n<link rel=\"canonical\" href=\"https:\/\/toutesnosenergies.fr\/index.php\/2023\/01\/23\/derniere-ligne-droite-pour-la-loi-dacceleration-des-energies-renouvelables\/\" \/>\n<meta property=\"og:locale\" content=\"fr_FR\" \/>\n<meta property=\"og:type\" content=\"article\" \/>\n<meta property=\"og:title\" content=\"Derni\u00e8re ligne droite pour la loi d&#039;acc\u00e9l\u00e9ration des \u00e9nergies renouvelables - Toutes Nos \u00c9nergies \u2013 Occitanie Environnement\" \/>\n<meta property=\"og:description\" content=\"Une commission mixte paritaire de 28 d\u00e9put\u00e9s&nbsp; et s\u00e9nateurs (CPM) a \u00e9t\u00e9 d\u00e9sign\u00e9e pour r\u00e9diger&nbsp; le texte&nbsp; d\u00e9finitif de la&nbsp; loi qui sera vot\u00e9e par les d\u00e9put\u00e9s le 30 janvier en 2\u00e8me lecture. Les parlementaires de l&rsquo;Occitanie membres de cette commission, le d\u00e9put\u00e9 RN de la 4\u00b0 circonscription du Gard M. Pierre Meurin, et le ... Lire plus\" \/>\n<meta property=\"og:url\" content=\"https:\/\/toutesnosenergies.fr\/index.php\/2023\/01\/23\/derniere-ligne-droite-pour-la-loi-dacceleration-des-energies-renouvelables\/\" \/>\n<meta property=\"og:site_name\" content=\"Toutes Nos \u00c9nergies \u2013 Occitanie Environnement\" \/>\n<meta property=\"article:publisher\" content=\"https:\/\/www.facebook.com\/TNEtoutesnosenergiesOccitanieEnvironnement\" \/>\n<meta property=\"article:published_time\" content=\"2023-01-23T19:17:37+00:00\" \/>\n<meta property=\"article:modified_time\" content=\"2023-01-28T15:40:22+00:00\" \/>\n<meta name=\"author\" content=\"WM81\" \/>\n<meta name=\"twitter:card\" content=\"summary_large_image\" \/>\n<meta name=\"twitter:label1\" content=\"\u00c9crit par\" \/>\n\t<meta name=\"twitter:data1\" content=\"WM81\" \/>\n\t<meta name=\"twitter:label2\" content=\"Dur\u00e9e de lecture estim\u00e9e\" \/>\n\t<meta name=\"twitter:data2\" content=\"2 minutes\" \/>\n<script type=\"application\/ld+json\" class=\"yoast-schema-graph\">{\"@context\":\"https:\\\/\\\/schema.org\",\"@graph\":[{\"@type\":\"Article\",\"@id\":\"https:\\\/\\\/toutesnosenergies.fr\\\/index.php\\\/2023\\\/01\\\/23\\\/derniere-ligne-droite-pour-la-loi-dacceleration-des-energies-renouvelables\\\/#article\",\"isPartOf\":{\"@id\":\"https:\\\/\\\/toutesnosenergies.fr\\\/index.php\\\/2023\\\/01\\\/23\\\/derniere-ligne-droite-pour-la-loi-dacceleration-des-energies-renouvelables\\\/\"},\"author\":{\"name\":\"WM81\",\"@id\":\"https:\\\/\\\/toutesnosenergies.fr\\\/#\\\/schema\\\/person\\\/83b429b7810ce59e0a21afb7e0b3cb1c\"},\"headline\":\"Derni\u00e8re ligne droite pour la loi d&rsquo;acc\u00e9l\u00e9ration des \u00e9nergies renouvelables\",\"datePublished\":\"2023-01-23T19:17:37+00:00\",\"dateModified\":\"2023-01-28T15:40:22+00:00\",\"mainEntityOfPage\":{\"@id\":\"https:\\\/\\\/toutesnosenergies.fr\\\/index.php\\\/2023\\\/01\\\/23\\\/derniere-ligne-droite-pour-la-loi-dacceleration-des-energies-renouvelables\\\/\"},\"wordCount\":391,\"commentCount\":1,\"publisher\":{\"@id\":\"https:\\\/\\\/toutesnosenergies.fr\\\/#organization\"},\"articleSection\":[\"Informations diverses\"],\"inLanguage\":\"fr-FR\",\"potentialAction\":[{\"@type\":\"CommentAction\",\"name\":\"Comment\",\"target\":[\"https:\\\/\\\/toutesnosenergies.fr\\\/index.php\\\/2023\\\/01\\\/23\\\/derniere-ligne-droite-pour-la-loi-dacceleration-des-energies-renouvelables\\\/#respond\"]}]},{\"@type\":\"WebPage\",\"@id\":\"https:\\\/\\\/toutesnosenergies.fr\\\/index.php\\\/2023\\\/01\\\/23\\\/derniere-ligne-droite-pour-la-loi-dacceleration-des-energies-renouvelables\\\/\",\"url\":\"https:\\\/\\\/toutesnosenergies.fr\\\/index.php\\\/2023\\\/01\\\/23\\\/derniere-ligne-droite-pour-la-loi-dacceleration-des-energies-renouvelables\\\/\",\"name\":\"Derni\u00e8re ligne droite pour la loi d'acc\u00e9l\u00e9ration des \u00e9nergies renouvelables - Toutes Nos \u00c9nergies \u2013 Occitanie Environnement\",\"isPartOf\":{\"@id\":\"https:\\\/\\\/toutesnosenergies.fr\\\/#website\"},\"datePublished\":\"2023-01-23T19:17:37+00:00\",\"dateModified\":\"2023-01-28T15:40:22+00:00\",\"breadcrumb\":{\"@id\":\"https:\\\/\\\/toutesnosenergies.fr\\\/index.php\\\/2023\\\/01\\\/23\\\/derniere-ligne-droite-pour-la-loi-dacceleration-des-energies-renouvelables\\\/#breadcrumb\"},\"inLanguage\":\"fr-FR\",\"potentialAction\":[{\"@type\":\"ReadAction\",\"target\":[\"https:\\\/\\\/toutesnosenergies.fr\\\/index.php\\\/2023\\\/01\\\/23\\\/derniere-ligne-droite-pour-la-loi-dacceleration-des-energies-renouvelables\\\/\"]}]},{\"@type\":\"BreadcrumbList\",\"@id\":\"https:\\\/\\\/toutesnosenergies.fr\\\/index.php\\\/2023\\\/01\\\/23\\\/derniere-ligne-droite-pour-la-loi-dacceleration-des-energies-renouvelables\\\/#breadcrumb\",\"itemListElement\":[{\"@type\":\"ListItem\",\"position\":1,\"name\":\"Accueil\",\"item\":\"https:\\\/\\\/toutesnosenergies.fr\\\/\"},{\"@type\":\"ListItem\",\"position\":2,\"name\":\"Derni\u00e8re ligne droite pour la loi d&#8217;acc\u00e9l\u00e9ration des \u00e9nergies renouvelables\"}]},{\"@type\":\"WebSite\",\"@id\":\"https:\\\/\\\/toutesnosenergies.fr\\\/#website\",\"url\":\"https:\\\/\\\/toutesnosenergies.fr\\\/\",\"name\":\"Toutes Nos \u00c9nergies \u2013 Occitanie Environnement\",\"description\":\"Pour une \u00e9nergie respectueuse du vivant et des territoires ruraux en Occitanie\",\"publisher\":{\"@id\":\"https:\\\/\\\/toutesnosenergies.fr\\\/#organization\"},\"potentialAction\":[{\"@type\":\"SearchAction\",\"target\":{\"@type\":\"EntryPoint\",\"urlTemplate\":\"https:\\\/\\\/toutesnosenergies.fr\\\/?s={search_term_string}\"},\"query-input\":{\"@type\":\"PropertyValueSpecification\",\"valueRequired\":true,\"valueName\":\"search_term_string\"}}],\"inLanguage\":\"fr-FR\"},{\"@type\":\"Organization\",\"@id\":\"https:\\\/\\\/toutesnosenergies.fr\\\/#organization\",\"name\":\"Toutes Nos \u00c9nergies \u2013 Occitanie Environnement\",\"url\":\"https:\\\/\\\/toutesnosenergies.fr\\\/\",\"logo\":{\"@type\":\"ImageObject\",\"inLanguage\":\"fr-FR\",\"@id\":\"https:\\\/\\\/toutesnosenergies.fr\\\/#\\\/schema\\\/logo\\\/image\\\/\",\"url\":\"https:\\\/\\\/toutesnosenergies.fr\\\/wp-content\\\/uploads\\\/2023\\\/01\\\/Petit-logo.png\",\"contentUrl\":\"https:\\\/\\\/toutesnosenergies.fr\\\/wp-content\\\/uploads\\\/2023\\\/01\\\/Petit-logo.png\",\"width\":360,\"height\":102,\"caption\":\"Toutes Nos \u00c9nergies \u2013 Occitanie Environnement\"},\"image\":{\"@id\":\"https:\\\/\\\/toutesnosenergies.fr\\\/#\\\/schema\\\/logo\\\/image\\\/\"},\"sameAs\":[\"https:\\\/\\\/www.facebook.com\\\/TNEtoutesnosenergiesOccitanieEnvironnement\"]},{\"@type\":\"Person\",\"@id\":\"https:\\\/\\\/toutesnosenergies.fr\\\/#\\\/schema\\\/person\\\/83b429b7810ce59e0a21afb7e0b3cb1c\",\"name\":\"WM81\",\"image\":{\"@type\":\"ImageObject\",\"inLanguage\":\"fr-FR\",\"@id\":\"https:\\\/\\\/secure.gravatar.com\\\/avatar\\\/aa9bf2bd97a7297274c53294f09e800c7ee0d88290f959d5d49f9380299b9ff1?s=96&d=mm&r=g\",\"url\":\"https:\\\/\\\/secure.gravatar.com\\\/avatar\\\/aa9bf2bd97a7297274c53294f09e800c7ee0d88290f959d5d49f9380299b9ff1?s=96&d=mm&r=g\",\"contentUrl\":\"https:\\\/\\\/secure.gravatar.com\\\/avatar\\\/aa9bf2bd97a7297274c53294f09e800c7ee0d88290f959d5d49f9380299b9ff1?s=96&d=mm&r=g\",\"caption\":\"WM81\"},\"sameAs\":[\"http:\\\/\\\/toutesnosenergies.fr\"],\"url\":\"https:\\\/\\\/toutesnosenergies.fr\\\/index.php\\\/author\\\/wm81\\\/\"}]}<\/script>\n<!-- \/ Yoast SEO plugin. -->","yoast_head_json":{"title":"Derni\u00e8re ligne droite pour la loi d'acc\u00e9l\u00e9ration des \u00e9nergies renouvelables - Toutes Nos \u00c9nergies \u2013 Occitanie Environnement","robots":{"index":"index","follow":"follow","max-snippet":"max-snippet:-1","max-image-preview":"max-image-preview:large","max-video-preview":"max-video-preview:-1"},"canonical":"https:\/\/toutesnosenergies.fr\/index.php\/2023\/01\/23\/derniere-ligne-droite-pour-la-loi-dacceleration-des-energies-renouvelables\/","og_locale":"fr_FR","og_type":"article","og_title":"Derni\u00e8re ligne droite pour la loi d'acc\u00e9l\u00e9ration des \u00e9nergies renouvelables - Toutes Nos \u00c9nergies \u2013 Occitanie Environnement","og_description":"Une commission mixte paritaire de 28 d\u00e9put\u00e9s&nbsp; et s\u00e9nateurs (CPM) a \u00e9t\u00e9 d\u00e9sign\u00e9e pour r\u00e9diger&nbsp; le texte&nbsp; d\u00e9finitif de la&nbsp; loi qui sera vot\u00e9e par les d\u00e9put\u00e9s le 30 janvier en 2\u00e8me lecture. Les parlementaires de l&rsquo;Occitanie membres de cette commission, le d\u00e9put\u00e9 RN de la 4\u00b0 circonscription du Gard M. Pierre Meurin, et le ... Lire plus","og_url":"https:\/\/toutesnosenergies.fr\/index.php\/2023\/01\/23\/derniere-ligne-droite-pour-la-loi-dacceleration-des-energies-renouvelables\/","og_site_name":"Toutes Nos \u00c9nergies \u2013 Occitanie Environnement","article_publisher":"https:\/\/www.facebook.com\/TNEtoutesnosenergiesOccitanieEnvironnement","article_published_time":"2023-01-23T19:17:37+00:00","article_modified_time":"2023-01-28T15:40:22+00:00","author":"WM81","twitter_card":"summary_large_image","twitter_misc":{"\u00c9crit par":"WM81","Dur\u00e9e de lecture estim\u00e9e":"2 minutes"},"schema":{"@context":"https:\/\/schema.org","@graph":[{"@type":"Article","@id":"https:\/\/toutesnosenergies.fr\/index.php\/2023\/01\/23\/derniere-ligne-droite-pour-la-loi-dacceleration-des-energies-renouvelables\/#article","isPartOf":{"@id":"https:\/\/toutesnosenergies.fr\/index.php\/2023\/01\/23\/derniere-ligne-droite-pour-la-loi-dacceleration-des-energies-renouvelables\/"},"author":{"name":"WM81","@id":"https:\/\/toutesnosenergies.fr\/#\/schema\/person\/83b429b7810ce59e0a21afb7e0b3cb1c"},"headline":"Derni\u00e8re ligne droite pour la loi d&rsquo;acc\u00e9l\u00e9ration des \u00e9nergies renouvelables","datePublished":"2023-01-23T19:17:37+00:00","dateModified":"2023-01-28T15:40:22+00:00","mainEntityOfPage":{"@id":"https:\/\/toutesnosenergies.fr\/index.php\/2023\/01\/23\/derniere-ligne-droite-pour-la-loi-dacceleration-des-energies-renouvelables\/"},"wordCount":391,"commentCount":1,"publisher":{"@id":"https:\/\/toutesnosenergies.fr\/#organization"},"articleSection":["Informations diverses"],"inLanguage":"fr-FR","potentialAction":[{"@type":"CommentAction","name":"Comment","target":["https:\/\/toutesnosenergies.fr\/index.php\/2023\/01\/23\/derniere-ligne-droite-pour-la-loi-dacceleration-des-energies-renouvelables\/#respond"]}]},{"@type":"WebPage","@id":"https:\/\/toutesnosenergies.fr\/index.php\/2023\/01\/23\/derniere-ligne-droite-pour-la-loi-dacceleration-des-energies-renouvelables\/","url":"https:\/\/toutesnosenergies.fr\/index.php\/2023\/01\/23\/derniere-ligne-droite-pour-la-loi-dacceleration-des-energies-renouvelables\/","name":"Derni\u00e8re ligne droite pour la loi d'acc\u00e9l\u00e9ration des \u00e9nergies renouvelables - Toutes Nos \u00c9nergies \u2013 Occitanie Environnement","isPartOf":{"@id":"https:\/\/toutesnosenergies.fr\/#website"},"datePublished":"2023-01-23T19:17:37+00:00","dateModified":"2023-01-28T15:40:22+00:00","breadcrumb":{"@id":"https:\/\/toutesnosenergies.fr\/index.php\/2023\/01\/23\/derniere-ligne-droite-pour-la-loi-dacceleration-des-energies-renouvelables\/#breadcrumb"},"inLanguage":"fr-FR","potentialAction":[{"@type":"ReadAction","target":["https:\/\/toutesnosenergies.fr\/index.php\/2023\/01\/23\/derniere-ligne-droite-pour-la-loi-dacceleration-des-energies-renouvelables\/"]}]},{"@type":"BreadcrumbList","@id":"https:\/\/toutesnosenergies.fr\/index.php\/2023\/01\/23\/derniere-ligne-droite-pour-la-loi-dacceleration-des-energies-renouvelables\/#breadcrumb","itemListElement":[{"@type":"ListItem","position":1,"name":"Accueil","item":"https:\/\/toutesnosenergies.fr\/"},{"@type":"ListItem","position":2,"name":"Derni\u00e8re ligne droite pour la loi d&#8217;acc\u00e9l\u00e9ration des \u00e9nergies renouvelables"}]},{"@type":"WebSite","@id":"https:\/\/toutesnosenergies.fr\/#website","url":"https:\/\/toutesnosenergies.fr\/","name":"Toutes Nos \u00c9nergies \u2013 Occitanie Environnement","description":"Pour une \u00e9nergie respectueuse du vivant et des territoires ruraux en Occitanie","publisher":{"@id":"https:\/\/toutesnosenergies.fr\/#organization"},"potentialAction":[{"@type":"SearchAction","target":{"@type":"EntryPoint","urlTemplate":"https:\/\/toutesnosenergies.fr\/?s={search_term_string}"},"query-input":{"@type":"PropertyValueSpecification","valueRequired":true,"valueName":"search_term_string"}}],"inLanguage":"fr-FR"},{"@type":"Organization","@id":"https:\/\/toutesnosenergies.fr\/#organization","name":"Toutes Nos \u00c9nergies \u2013 Occitanie Environnement","url":"https:\/\/toutesnosenergies.fr\/","logo":{"@type":"ImageObject","inLanguage":"fr-FR","@id":"https:\/\/toutesnosenergies.fr\/#\/schema\/logo\/image\/","url":"https:\/\/toutesnosenergies.fr\/wp-content\/uploads\/2023\/01\/Petit-logo.png","contentUrl":"https:\/\/toutesnosenergies.fr\/wp-content\/uploads\/2023\/01\/Petit-logo.png","width":360,"height":102,"caption":"Toutes Nos \u00c9nergies \u2013 Occitanie Environnement"},"image":{"@id":"https:\/\/toutesnosenergies.fr\/#\/schema\/logo\/image\/"},"sameAs":["https:\/\/www.facebook.com\/TNEtoutesnosenergiesOccitanieEnvironnement"]},{"@type":"Person","@id":"https:\/\/toutesnosenergies.fr\/#\/schema\/person\/83b429b7810ce59e0a21afb7e0b3cb1c","name":"WM81","image":{"@type":"ImageObject","inLanguage":"fr-FR","@id":"https:\/\/secure.gravatar.com\/avatar\/aa9bf2bd97a7297274c53294f09e800c7ee0d88290f959d5d49f9380299b9ff1?s=96&d=mm&r=g","url":"https:\/\/secure.gravatar.com\/avatar\/aa9bf2bd97a7297274c53294f09e800c7ee0d88290f959d5d49f9380299b9ff1?s=96&d=mm&r=g","contentUrl":"https:\/\/secure.gravatar.com\/avatar\/aa9bf2bd97a7297274c53294f09e800c7ee0d88290f959d5d49f9380299b9ff1?s=96&d=mm&r=g","caption":"WM81"},"sameAs":["http:\/\/toutesnosenergies.fr"],"url":"https:\/\/toutesnosenergies.fr\/index.php\/author\/wm81\/"}]}},"_links":{"self":[{"href":"https:\/\/toutesnosenergies.fr\/index.php\/wp-json\/wp\/v2\/posts\/9162","targetHints":{"allow":["GET"]}}],"collection":[{"href":"https:\/\/toutesnosenergies.fr\/index.php\/wp-json\/wp\/v2\/posts"}],"about":[{"href":"https:\/\/toutesnosenergies.fr\/index.php\/wp-json\/wp\/v2\/types\/post"}],"author":[{"embeddable":true,"href":"https:\/\/toutesnosenergies.fr\/index.php\/wp-json\/wp\/v2\/users\/3"}],"replies":[{"embeddable":true,"href":"https:\/\/toutesnosenergies.fr\/index.php\/wp-json\/wp\/v2\/comments?post=9162"}],"version-history":[{"count":5,"href":"https:\/\/toutesnosenergies.fr\/index.php\/wp-json\/wp\/v2\/posts\/9162\/revisions"}],"predecessor-version":[{"id":9206,"href":"https:\/\/toutesnosenergies.fr\/index.php\/wp-json\/wp\/v2\/posts\/9162\/revisions\/9206"}],"wp:attachment":[{"href":"https:\/\/toutesnosenergies.fr\/index.php\/wp-json\/wp\/v2\/media?parent=9162"}],"wp:term":[{"taxonomy":"category","embeddable":true,"href":"https:\/\/toutesnosenergies.fr\/index.php\/wp-json\/wp\/v2\/categories?post=9162"},{"taxonomy":"post_tag","embeddable":true,"href":"https:\/\/toutesnosenergies.fr\/index.php\/wp-json\/wp\/v2\/tags?post=9162"}],"curies":[{"name":"wp","href":"https:\/\/api.w.org\/{rel}","templated":true}]}}