{"id":9550,"date":"2023-02-27T18:05:37","date_gmt":"2023-02-27T17:05:37","guid":{"rendered":"https:\/\/toutesnosenergies.fr\/?p=9550"},"modified":"2023-02-28T10:02:03","modified_gmt":"2023-02-28T09:02:03","slug":"dans-le-tarn-les-associations-se-rencontrent","status":"publish","type":"post","link":"https:\/\/toutesnosenergies.fr\/index.php\/2023\/02\/27\/dans-le-tarn-les-associations-se-rencontrent\/","title":{"rendered":"Dans le Tarn, les associations se rencontrent"},"content":{"rendered":"\n<p class=\"has-background\" style=\"background-color:#fa90ea\"><strong>Samedi 25 f\u00e9vrier, \u00e0 la maison des associations de Castres, 6 associations du Tarn se sont retrouv\u00e9es pour faire le point sur le d\u00e9veloppement de l\u2019\u00e9olien industriel dans le d\u00e9partement.<\/strong><\/p>\n\n\n\n<ul class=\"wp-block-list\">\n<li>Nostra Montanha (le Rialet) <\/li>\n\n\n\n<li>Calelh (Brassac) <\/li>\n\n\n\n<li>les Cr\u00eates Vent Debout (Puycalvel) <\/li>\n\n\n\n<li>Pr\u00e9servons notre montagne (Massaguel, Arfons) <\/li>\n\n\n\n<li>SEPRA (Rabastens) <\/li>\n\n\n\n<li>Coup de Vent (Saint Julien du Puy)<\/li>\n<\/ul>\n\n\n<div class=\"wp-block-image\">\n<figure class=\"aligncenter size-large is-resized\"><img loading=\"lazy\" decoding=\"async\" src=\"https:\/\/toutesnosenergies.fr\/wp-content\/uploads\/2023\/02\/IMG_3136-1024x301.jpeg\" alt=\"\" class=\"wp-image-9552\" width=\"775\" height=\"227\" srcset=\"https:\/\/toutesnosenergies.fr\/wp-content\/uploads\/2023\/02\/IMG_3136-1024x301.jpeg 1024w, https:\/\/toutesnosenergies.fr\/wp-content\/uploads\/2023\/02\/IMG_3136-300x88.jpeg 300w, https:\/\/toutesnosenergies.fr\/wp-content\/uploads\/2023\/02\/IMG_3136-768x226.jpeg 768w, https:\/\/toutesnosenergies.fr\/wp-content\/uploads\/2023\/02\/IMG_3136-1536x452.jpeg 1536w, https:\/\/toutesnosenergies.fr\/wp-content\/uploads\/2023\/02\/IMG_3136-2048x602.jpeg 2048w, https:\/\/toutesnosenergies.fr\/wp-content\/uploads\/2023\/02\/IMG_3136-1320x388.jpeg 1320w\" sizes=\"auto, (max-width: 775px) 100vw, 775px\" \/><figcaption class=\"wp-element-caption\"><sup>Maison des associations, 81100 Castres, 25 mars 2023<\/sup><\/figcaption><\/figure>\n<\/div>\n\n\n<!--more-->\n\n\n\n<p>Un premier point sur les projets \u00e9oliens industriels &#8211; \u00e0 leurs diff\u00e9rents stades (install\u00e9s, autoris\u00e9s, avec ou sans recours, refus\u00e9s, abandonn\u00e9s\u2026). Ils sont au nombre d\u2019une douzaine. Chaque projet pr\u00e9sente des \u00e9volutions particuli\u00e8res, la mobilisation locale \u00e9tant un crit\u00e8re important. L&rsquo;association Coup de vent nous a inform\u00e9s par exemple, de leur site<a href=\"http:\/\/coupdevent.org\"> coupdevent.org<\/a>, sur lequel des photomontages ont eu effet tr\u00e8s fort sur la mobilisation des habitants.<\/p>\n\n\n\n<p>Les participants \u00e0 la rencontre avec l&rsquo;association des maires ruraux du Tarn (Pr\u00e9sident et 2 membres du bureau) rendent compte des \u00e9changes positifs qu&rsquo;ils ont eu. Lors de cette r\u00e9union ont \u00e9t\u00e9 abord\u00e9s les probl\u00e8mes de d\u00e9mocratie locale, les comportements des op\u00e9rateurs vis-\u00e0-vis des maires, les relations particuli\u00e8res entre communes et intercommunalit\u00e9s sur le partage de la rente \u00e9olienne et les cons\u00e9quences de la fameuse loi d\u2019acc\u00e9l\u00e9ration des ENR. Une occasion de partager nos pr\u00e9occupations et de montrer notre capacit\u00e9 de dialogue avec les \u00e9lus locaux.<\/p>\n\n\n\n<p>Plusieurs centrales \u00e9oliennes font l\u2019objet d&rsquo;un\u00ab repowering \u00bb ou renouvellement des \u00e9oliennes vieillissantes. 2 projets (Murat et Haut Languedoc) sont tr\u00e8s instructifs sur la proc\u00e9dure administrative mise en \u0153uvre. L\u2019un a fait l\u2019objet d\u2019une nouvelle demande d\u2019autorisation (avec r\u00e9duction du nombre d\u2019\u00e9oliennes), l\u2019autre d\u2019un simple arr\u00eat\u00e9 modificatif (avec le m\u00eame nombre d\u2019\u00e9oliennes et une augmentation de hauteur de 20m) ce qui pour nous est une modification substantielle n\u00e9cessitant une nouvelle demande d\u2019autorisation.<br>Il en va de m\u00eame pour le projet de renouvellement de la centrale de Cuq Servi\u00e8s, il faut se battre pour qu\u2019il y ait une nouvelle demande d\u2019autorisation.&nbsp;<\/p>\n\n\n\n<p>Les \u00e9changes se poursuivent avec le partage d\u2019un certain nombre de conseils et de propositions. Par exemple, lors des enqu\u00eates publiques, penser \u00e0 enregistrer les documents importants du dossier car ils disparaissent d\u00e8s la cl\u00f4ture de l&rsquo;enqu\u00eate.&nbsp;<br>Il est propos\u00e9 de poursuivre les contacts avec les \u00e9lus locaux, r\u00e9gionaux et parlementaires ainsi qu&rsquo;avec les administrations (DREAL, DTT).<br>L&rsquo;association Les Cr\u00eates Vent debout envisage une manifestation conviviale sur site dans les prochains mois, autour de la probl\u00e9matique des nuisances sonores. Elle nous en informera.<\/p>\n\n\n\n<p class=\"has-background\" style=\"background-color:#fa90ea\">En conclusion, une lettre au Pr\u00e9fet est sign\u00e9 par les associations pr\u00e9sentes,&nbsp; pour demander une rencontre afin d&rsquo;\u00e9voquer de vive voix et plus en d\u00e9tail ces divers points de pr\u00e9occupation.Nous l\u2019adresserons \u00e9galement par mail aux d\u00e9put\u00e9s et s\u00e9nateurs du d\u00e9partement<\/p>\n\n\n\n<p><strong>Apr\u00e8s cette premi\u00e8re rencontre, conviviale et efficace, nous avons d\u00e9cid\u00e9 de maintenir le contact entre nos associations et de nous retrouver dans quelques mois.<\/strong><br><\/p>\n","protected":false},"excerpt":{"rendered":"<p>Samedi 25 f\u00e9vrier, \u00e0 la maison des associations de Castres, 6 associations du Tarn se sont retrouv\u00e9es pour faire le point sur le d\u00e9veloppement de l\u2019\u00e9olien industriel dans le d\u00e9partement.<\/p>\n","protected":false},"author":3,"featured_media":0,"comment_status":"open","ping_status":"open","sticky":false,"template":"","format":"standard","meta":{"_cbd_carousel_blocks":"[]","sfsi_plus_gutenberg_text_before_share":"","sfsi_plus_gutenberg_show_text_before_share":"","sfsi_plus_gutenberg_icon_type":"","sfsi_plus_gutenberg_icon_alignemt":"","sfsi_plus_gutenburg_max_per_row":"","footnotes":""},"categories":[10],"tags":[],"class_list":["post-9550","post","type-post","status-publish","format-standard","hentry","category-informations-diverses"],"yoast_head":"<!-- This site is optimized with the Yoast SEO plugin v27.4 - https:\/\/yoast.com\/product\/yoast-seo-wordpress\/ -->\n<title>Dans le Tarn, les associations se rencontrent - Toutes Nos \u00c9nergies \u2013 Occitanie Environnement<\/title>\n<meta name=\"robots\" content=\"index, follow, max-snippet:-1, max-image-preview:large, max-video-preview:-1\" \/>\n<link rel=\"canonical\" href=\"https:\/\/toutesnosenergies.fr\/index.php\/2023\/02\/27\/dans-le-tarn-les-associations-se-rencontrent\/\" \/>\n<meta property=\"og:locale\" content=\"fr_FR\" \/>\n<meta property=\"og:type\" content=\"article\" \/>\n<meta property=\"og:title\" content=\"Dans le Tarn, les associations se rencontrent - Toutes Nos \u00c9nergies \u2013 Occitanie Environnement\" \/>\n<meta property=\"og:description\" content=\"Samedi 25 f\u00e9vrier, \u00e0 la maison des associations de Castres, 6 associations du Tarn se sont retrouv\u00e9es pour faire le point sur le d\u00e9veloppement de l\u2019\u00e9olien industriel dans le d\u00e9partement.\" \/>\n<meta property=\"og:url\" content=\"https:\/\/toutesnosenergies.fr\/index.php\/2023\/02\/27\/dans-le-tarn-les-associations-se-rencontrent\/\" \/>\n<meta property=\"og:site_name\" content=\"Toutes Nos \u00c9nergies \u2013 Occitanie Environnement\" \/>\n<meta property=\"article:publisher\" content=\"https:\/\/www.facebook.com\/TNEtoutesnosenergiesOccitanieEnvironnement\" \/>\n<meta property=\"article:published_time\" content=\"2023-02-27T17:05:37+00:00\" \/>\n<meta property=\"article:modified_time\" content=\"2023-02-28T09:02:03+00:00\" \/>\n<meta property=\"og:image\" content=\"https:\/\/toutesnosenergies.fr\/wp-content\/uploads\/2023\/02\/IMG_3136-1024x301.jpeg\" \/>\n<meta name=\"author\" content=\"WM81\" \/>\n<meta name=\"twitter:card\" content=\"summary_large_image\" \/>\n<meta name=\"twitter:label1\" content=\"\u00c9crit par\" \/>\n\t<meta name=\"twitter:data1\" content=\"WM81\" \/>\n\t<meta name=\"twitter:label2\" content=\"Dur\u00e9e de lecture estim\u00e9e\" \/>\n\t<meta name=\"twitter:data2\" content=\"3 minutes\" \/>\n<script type=\"application\/ld+json\" class=\"yoast-schema-graph\">{\"@context\":\"https:\\\/\\\/schema.org\",\"@graph\":[{\"@type\":\"Article\",\"@id\":\"https:\\\/\\\/toutesnosenergies.fr\\\/index.php\\\/2023\\\/02\\\/27\\\/dans-le-tarn-les-associations-se-rencontrent\\\/#article\",\"isPartOf\":{\"@id\":\"https:\\\/\\\/toutesnosenergies.fr\\\/index.php\\\/2023\\\/02\\\/27\\\/dans-le-tarn-les-associations-se-rencontrent\\\/\"},\"author\":{\"name\":\"WM81\",\"@id\":\"https:\\\/\\\/toutesnosenergies.fr\\\/#\\\/schema\\\/person\\\/83b429b7810ce59e0a21afb7e0b3cb1c\"},\"headline\":\"Dans le Tarn, les associations se rencontrent\",\"datePublished\":\"2023-02-27T17:05:37+00:00\",\"dateModified\":\"2023-02-28T09:02:03+00:00\",\"mainEntityOfPage\":{\"@id\":\"https:\\\/\\\/toutesnosenergies.fr\\\/index.php\\\/2023\\\/02\\\/27\\\/dans-le-tarn-les-associations-se-rencontrent\\\/\"},\"wordCount\":536,\"commentCount\":0,\"publisher\":{\"@id\":\"https:\\\/\\\/toutesnosenergies.fr\\\/#organization\"},\"image\":{\"@id\":\"https:\\\/\\\/toutesnosenergies.fr\\\/index.php\\\/2023\\\/02\\\/27\\\/dans-le-tarn-les-associations-se-rencontrent\\\/#primaryimage\"},\"thumbnailUrl\":\"https:\\\/\\\/toutesnosenergies.fr\\\/wp-content\\\/uploads\\\/2023\\\/02\\\/IMG_3136-1024x301.jpeg\",\"articleSection\":[\"Informations diverses\"],\"inLanguage\":\"fr-FR\",\"potentialAction\":[{\"@type\":\"CommentAction\",\"name\":\"Comment\",\"target\":[\"https:\\\/\\\/toutesnosenergies.fr\\\/index.php\\\/2023\\\/02\\\/27\\\/dans-le-tarn-les-associations-se-rencontrent\\\/#respond\"]}]},{\"@type\":\"WebPage\",\"@id\":\"https:\\\/\\\/toutesnosenergies.fr\\\/index.php\\\/2023\\\/02\\\/27\\\/dans-le-tarn-les-associations-se-rencontrent\\\/\",\"url\":\"https:\\\/\\\/toutesnosenergies.fr\\\/index.php\\\/2023\\\/02\\\/27\\\/dans-le-tarn-les-associations-se-rencontrent\\\/\",\"name\":\"Dans le Tarn, les associations se rencontrent - Toutes Nos \u00c9nergies \u2013 Occitanie Environnement\",\"isPartOf\":{\"@id\":\"https:\\\/\\\/toutesnosenergies.fr\\\/#website\"},\"primaryImageOfPage\":{\"@id\":\"https:\\\/\\\/toutesnosenergies.fr\\\/index.php\\\/2023\\\/02\\\/27\\\/dans-le-tarn-les-associations-se-rencontrent\\\/#primaryimage\"},\"image\":{\"@id\":\"https:\\\/\\\/toutesnosenergies.fr\\\/index.php\\\/2023\\\/02\\\/27\\\/dans-le-tarn-les-associations-se-rencontrent\\\/#primaryimage\"},\"thumbnailUrl\":\"https:\\\/\\\/toutesnosenergies.fr\\\/wp-content\\\/uploads\\\/2023\\\/02\\\/IMG_3136-1024x301.jpeg\",\"datePublished\":\"2023-02-27T17:05:37+00:00\",\"dateModified\":\"2023-02-28T09:02:03+00:00\",\"breadcrumb\":{\"@id\":\"https:\\\/\\\/toutesnosenergies.fr\\\/index.php\\\/2023\\\/02\\\/27\\\/dans-le-tarn-les-associations-se-rencontrent\\\/#breadcrumb\"},\"inLanguage\":\"fr-FR\",\"potentialAction\":[{\"@type\":\"ReadAction\",\"target\":[\"https:\\\/\\\/toutesnosenergies.fr\\\/index.php\\\/2023\\\/02\\\/27\\\/dans-le-tarn-les-associations-se-rencontrent\\\/\"]}]},{\"@type\":\"ImageObject\",\"inLanguage\":\"fr-FR\",\"@id\":\"https:\\\/\\\/toutesnosenergies.fr\\\/index.php\\\/2023\\\/02\\\/27\\\/dans-le-tarn-les-associations-se-rencontrent\\\/#primaryimage\",\"url\":\"https:\\\/\\\/toutesnosenergies.fr\\\/wp-content\\\/uploads\\\/2023\\\/02\\\/IMG_3136-1024x301.jpeg\",\"contentUrl\":\"https:\\\/\\\/toutesnosenergies.fr\\\/wp-content\\\/uploads\\\/2023\\\/02\\\/IMG_3136-1024x301.jpeg\"},{\"@type\":\"BreadcrumbList\",\"@id\":\"https:\\\/\\\/toutesnosenergies.fr\\\/index.php\\\/2023\\\/02\\\/27\\\/dans-le-tarn-les-associations-se-rencontrent\\\/#breadcrumb\",\"itemListElement\":[{\"@type\":\"ListItem\",\"position\":1,\"name\":\"Accueil\",\"item\":\"https:\\\/\\\/toutesnosenergies.fr\\\/\"},{\"@type\":\"ListItem\",\"position\":2,\"name\":\"Dans le Tarn, les associations se rencontrent\"}]},{\"@type\":\"WebSite\",\"@id\":\"https:\\\/\\\/toutesnosenergies.fr\\\/#website\",\"url\":\"https:\\\/\\\/toutesnosenergies.fr\\\/\",\"name\":\"Toutes Nos \u00c9nergies \u2013 Occitanie Environnement\",\"description\":\"Pour une \u00e9nergie respectueuse du vivant et des territoires ruraux en Occitanie\",\"publisher\":{\"@id\":\"https:\\\/\\\/toutesnosenergies.fr\\\/#organization\"},\"potentialAction\":[{\"@type\":\"SearchAction\",\"target\":{\"@type\":\"EntryPoint\",\"urlTemplate\":\"https:\\\/\\\/toutesnosenergies.fr\\\/?s={search_term_string}\"},\"query-input\":{\"@type\":\"PropertyValueSpecification\",\"valueRequired\":true,\"valueName\":\"search_term_string\"}}],\"inLanguage\":\"fr-FR\"},{\"@type\":\"Organization\",\"@id\":\"https:\\\/\\\/toutesnosenergies.fr\\\/#organization\",\"name\":\"Toutes Nos \u00c9nergies \u2013 Occitanie Environnement\",\"url\":\"https:\\\/\\\/toutesnosenergies.fr\\\/\",\"logo\":{\"@type\":\"ImageObject\",\"inLanguage\":\"fr-FR\",\"@id\":\"https:\\\/\\\/toutesnosenergies.fr\\\/#\\\/schema\\\/logo\\\/image\\\/\",\"url\":\"https:\\\/\\\/toutesnosenergies.fr\\\/wp-content\\\/uploads\\\/2023\\\/01\\\/Petit-logo.png\",\"contentUrl\":\"https:\\\/\\\/toutesnosenergies.fr\\\/wp-content\\\/uploads\\\/2023\\\/01\\\/Petit-logo.png\",\"width\":360,\"height\":102,\"caption\":\"Toutes Nos \u00c9nergies \u2013 Occitanie Environnement\"},\"image\":{\"@id\":\"https:\\\/\\\/toutesnosenergies.fr\\\/#\\\/schema\\\/logo\\\/image\\\/\"},\"sameAs\":[\"https:\\\/\\\/www.facebook.com\\\/TNEtoutesnosenergiesOccitanieEnvironnement\"]},{\"@type\":\"Person\",\"@id\":\"https:\\\/\\\/toutesnosenergies.fr\\\/#\\\/schema\\\/person\\\/83b429b7810ce59e0a21afb7e0b3cb1c\",\"name\":\"WM81\",\"image\":{\"@type\":\"ImageObject\",\"inLanguage\":\"fr-FR\",\"@id\":\"https:\\\/\\\/secure.gravatar.com\\\/avatar\\\/aa9bf2bd97a7297274c53294f09e800c7ee0d88290f959d5d49f9380299b9ff1?s=96&d=mm&r=g\",\"url\":\"https:\\\/\\\/secure.gravatar.com\\\/avatar\\\/aa9bf2bd97a7297274c53294f09e800c7ee0d88290f959d5d49f9380299b9ff1?s=96&d=mm&r=g\",\"contentUrl\":\"https:\\\/\\\/secure.gravatar.com\\\/avatar\\\/aa9bf2bd97a7297274c53294f09e800c7ee0d88290f959d5d49f9380299b9ff1?s=96&d=mm&r=g\",\"caption\":\"WM81\"},\"sameAs\":[\"http:\\\/\\\/toutesnosenergies.fr\"],\"url\":\"https:\\\/\\\/toutesnosenergies.fr\\\/index.php\\\/author\\\/wm81\\\/\"}]}<\/script>\n<!-- \/ Yoast SEO plugin. -->","yoast_head_json":{"title":"Dans le Tarn, les associations se rencontrent - Toutes Nos \u00c9nergies \u2013 Occitanie Environnement","robots":{"index":"index","follow":"follow","max-snippet":"max-snippet:-1","max-image-preview":"max-image-preview:large","max-video-preview":"max-video-preview:-1"},"canonical":"https:\/\/toutesnosenergies.fr\/index.php\/2023\/02\/27\/dans-le-tarn-les-associations-se-rencontrent\/","og_locale":"fr_FR","og_type":"article","og_title":"Dans le Tarn, les associations se rencontrent - Toutes Nos \u00c9nergies \u2013 Occitanie Environnement","og_description":"Samedi 25 f\u00e9vrier, \u00e0 la maison des associations de Castres, 6 associations du Tarn se sont retrouv\u00e9es pour faire le point sur le d\u00e9veloppement de l\u2019\u00e9olien industriel dans le d\u00e9partement.","og_url":"https:\/\/toutesnosenergies.fr\/index.php\/2023\/02\/27\/dans-le-tarn-les-associations-se-rencontrent\/","og_site_name":"Toutes Nos \u00c9nergies \u2013 Occitanie Environnement","article_publisher":"https:\/\/www.facebook.com\/TNEtoutesnosenergiesOccitanieEnvironnement","article_published_time":"2023-02-27T17:05:37+00:00","article_modified_time":"2023-02-28T09:02:03+00:00","og_image":[{"url":"https:\/\/toutesnosenergies.fr\/wp-content\/uploads\/2023\/02\/IMG_3136-1024x301.jpeg","type":"","width":"","height":""}],"author":"WM81","twitter_card":"summary_large_image","twitter_misc":{"\u00c9crit par":"WM81","Dur\u00e9e de lecture estim\u00e9e":"3 minutes"},"schema":{"@context":"https:\/\/schema.org","@graph":[{"@type":"Article","@id":"https:\/\/toutesnosenergies.fr\/index.php\/2023\/02\/27\/dans-le-tarn-les-associations-se-rencontrent\/#article","isPartOf":{"@id":"https:\/\/toutesnosenergies.fr\/index.php\/2023\/02\/27\/dans-le-tarn-les-associations-se-rencontrent\/"},"author":{"name":"WM81","@id":"https:\/\/toutesnosenergies.fr\/#\/schema\/person\/83b429b7810ce59e0a21afb7e0b3cb1c"},"headline":"Dans le Tarn, les associations se rencontrent","datePublished":"2023-02-27T17:05:37+00:00","dateModified":"2023-02-28T09:02:03+00:00","mainEntityOfPage":{"@id":"https:\/\/toutesnosenergies.fr\/index.php\/2023\/02\/27\/dans-le-tarn-les-associations-se-rencontrent\/"},"wordCount":536,"commentCount":0,"publisher":{"@id":"https:\/\/toutesnosenergies.fr\/#organization"},"image":{"@id":"https:\/\/toutesnosenergies.fr\/index.php\/2023\/02\/27\/dans-le-tarn-les-associations-se-rencontrent\/#primaryimage"},"thumbnailUrl":"https:\/\/toutesnosenergies.fr\/wp-content\/uploads\/2023\/02\/IMG_3136-1024x301.jpeg","articleSection":["Informations diverses"],"inLanguage":"fr-FR","potentialAction":[{"@type":"CommentAction","name":"Comment","target":["https:\/\/toutesnosenergies.fr\/index.php\/2023\/02\/27\/dans-le-tarn-les-associations-se-rencontrent\/#respond"]}]},{"@type":"WebPage","@id":"https:\/\/toutesnosenergies.fr\/index.php\/2023\/02\/27\/dans-le-tarn-les-associations-se-rencontrent\/","url":"https:\/\/toutesnosenergies.fr\/index.php\/2023\/02\/27\/dans-le-tarn-les-associations-se-rencontrent\/","name":"Dans le Tarn, les associations se rencontrent - Toutes Nos \u00c9nergies \u2013 Occitanie Environnement","isPartOf":{"@id":"https:\/\/toutesnosenergies.fr\/#website"},"primaryImageOfPage":{"@id":"https:\/\/toutesnosenergies.fr\/index.php\/2023\/02\/27\/dans-le-tarn-les-associations-se-rencontrent\/#primaryimage"},"image":{"@id":"https:\/\/toutesnosenergies.fr\/index.php\/2023\/02\/27\/dans-le-tarn-les-associations-se-rencontrent\/#primaryimage"},"thumbnailUrl":"https:\/\/toutesnosenergies.fr\/wp-content\/uploads\/2023\/02\/IMG_3136-1024x301.jpeg","datePublished":"2023-02-27T17:05:37+00:00","dateModified":"2023-02-28T09:02:03+00:00","breadcrumb":{"@id":"https:\/\/toutesnosenergies.fr\/index.php\/2023\/02\/27\/dans-le-tarn-les-associations-se-rencontrent\/#breadcrumb"},"inLanguage":"fr-FR","potentialAction":[{"@type":"ReadAction","target":["https:\/\/toutesnosenergies.fr\/index.php\/2023\/02\/27\/dans-le-tarn-les-associations-se-rencontrent\/"]}]},{"@type":"ImageObject","inLanguage":"fr-FR","@id":"https:\/\/toutesnosenergies.fr\/index.php\/2023\/02\/27\/dans-le-tarn-les-associations-se-rencontrent\/#primaryimage","url":"https:\/\/toutesnosenergies.fr\/wp-content\/uploads\/2023\/02\/IMG_3136-1024x301.jpeg","contentUrl":"https:\/\/toutesnosenergies.fr\/wp-content\/uploads\/2023\/02\/IMG_3136-1024x301.jpeg"},{"@type":"BreadcrumbList","@id":"https:\/\/toutesnosenergies.fr\/index.php\/2023\/02\/27\/dans-le-tarn-les-associations-se-rencontrent\/#breadcrumb","itemListElement":[{"@type":"ListItem","position":1,"name":"Accueil","item":"https:\/\/toutesnosenergies.fr\/"},{"@type":"ListItem","position":2,"name":"Dans le Tarn, les associations se rencontrent"}]},{"@type":"WebSite","@id":"https:\/\/toutesnosenergies.fr\/#website","url":"https:\/\/toutesnosenergies.fr\/","name":"Toutes Nos \u00c9nergies \u2013 Occitanie Environnement","description":"Pour une \u00e9nergie respectueuse du vivant et des territoires ruraux en Occitanie","publisher":{"@id":"https:\/\/toutesnosenergies.fr\/#organization"},"potentialAction":[{"@type":"SearchAction","target":{"@type":"EntryPoint","urlTemplate":"https:\/\/toutesnosenergies.fr\/?s={search_term_string}"},"query-input":{"@type":"PropertyValueSpecification","valueRequired":true,"valueName":"search_term_string"}}],"inLanguage":"fr-FR"},{"@type":"Organization","@id":"https:\/\/toutesnosenergies.fr\/#organization","name":"Toutes Nos \u00c9nergies \u2013 Occitanie Environnement","url":"https:\/\/toutesnosenergies.fr\/","logo":{"@type":"ImageObject","inLanguage":"fr-FR","@id":"https:\/\/toutesnosenergies.fr\/#\/schema\/logo\/image\/","url":"https:\/\/toutesnosenergies.fr\/wp-content\/uploads\/2023\/01\/Petit-logo.png","contentUrl":"https:\/\/toutesnosenergies.fr\/wp-content\/uploads\/2023\/01\/Petit-logo.png","width":360,"height":102,"caption":"Toutes Nos \u00c9nergies \u2013 Occitanie Environnement"},"image":{"@id":"https:\/\/toutesnosenergies.fr\/#\/schema\/logo\/image\/"},"sameAs":["https:\/\/www.facebook.com\/TNEtoutesnosenergiesOccitanieEnvironnement"]},{"@type":"Person","@id":"https:\/\/toutesnosenergies.fr\/#\/schema\/person\/83b429b7810ce59e0a21afb7e0b3cb1c","name":"WM81","image":{"@type":"ImageObject","inLanguage":"fr-FR","@id":"https:\/\/secure.gravatar.com\/avatar\/aa9bf2bd97a7297274c53294f09e800c7ee0d88290f959d5d49f9380299b9ff1?s=96&d=mm&r=g","url":"https:\/\/secure.gravatar.com\/avatar\/aa9bf2bd97a7297274c53294f09e800c7ee0d88290f959d5d49f9380299b9ff1?s=96&d=mm&r=g","contentUrl":"https:\/\/secure.gravatar.com\/avatar\/aa9bf2bd97a7297274c53294f09e800c7ee0d88290f959d5d49f9380299b9ff1?s=96&d=mm&r=g","caption":"WM81"},"sameAs":["http:\/\/toutesnosenergies.fr"],"url":"https:\/\/toutesnosenergies.fr\/index.php\/author\/wm81\/"}]}},"_links":{"self":[{"href":"https:\/\/toutesnosenergies.fr\/index.php\/wp-json\/wp\/v2\/posts\/9550","targetHints":{"allow":["GET"]}}],"collection":[{"href":"https:\/\/toutesnosenergies.fr\/index.php\/wp-json\/wp\/v2\/posts"}],"about":[{"href":"https:\/\/toutesnosenergies.fr\/index.php\/wp-json\/wp\/v2\/types\/post"}],"author":[{"embeddable":true,"href":"https:\/\/toutesnosenergies.fr\/index.php\/wp-json\/wp\/v2\/users\/3"}],"replies":[{"embeddable":true,"href":"https:\/\/toutesnosenergies.fr\/index.php\/wp-json\/wp\/v2\/comments?post=9550"}],"version-history":[{"count":5,"href":"https:\/\/toutesnosenergies.fr\/index.php\/wp-json\/wp\/v2\/posts\/9550\/revisions"}],"predecessor-version":[{"id":9574,"href":"https:\/\/toutesnosenergies.fr\/index.php\/wp-json\/wp\/v2\/posts\/9550\/revisions\/9574"}],"wp:attachment":[{"href":"https:\/\/toutesnosenergies.fr\/index.php\/wp-json\/wp\/v2\/media?parent=9550"}],"wp:term":[{"taxonomy":"category","embeddable":true,"href":"https:\/\/toutesnosenergies.fr\/index.php\/wp-json\/wp\/v2\/categories?post=9550"},{"taxonomy":"post_tag","embeddable":true,"href":"https:\/\/toutesnosenergies.fr\/index.php\/wp-json\/wp\/v2\/tags?post=9550"}],"curies":[{"name":"wp","href":"https:\/\/api.w.org\/{rel}","templated":true}]}}